{"id":6102,"date":"2022-06-21T19:27:09","date_gmt":"2022-06-21T17:27:09","guid":{"rendered":"https:\/\/www.net-one.org\/netone-brasil-promueve-lives-sobre-comunicacion\/"},"modified":"2023-01-14T20:15:18","modified_gmt":"2023-01-14T19:15:18","slug":"netone-brasil-promueve-lives-sobre-comunicacion","status":"publish","type":"post","link":"https:\/\/www.net-one.org\/es\/netone-brasil-promueve-lives-sobre-comunicacion\/","title":{"rendered":"NetOne Brasil promueve Lives sobre comunicaci\u00f3n"},"content":{"rendered":"\n<figure class=\"wp-block-image size-full is-resized\"><img fetchpriority=\"high\" decoding=\"async\" src=\"https:\/\/www.net-one.org\/wp-content\/uploads\/2022\/11\/live-NetOne-Brasil.webp\" alt=\"\" class=\"wp-image-5140\" width=\"560\" height=\"478\" srcset=\"https:\/\/www.net-one.org\/wp-content\/uploads\/2022\/11\/live-NetOne-Brasil.webp 868w, https:\/\/www.net-one.org\/wp-content\/uploads\/2022\/11\/live-NetOne-Brasil-300x256.webp 300w, https:\/\/www.net-one.org\/wp-content\/uploads\/2022\/11\/live-NetOne-Brasil-768x656.webp 768w\" sizes=\"(max-width: 560px) 100vw, 560px\" \/><\/figure>\n<p><i><span style=\"font-weight: 400;\">A trav\u00e9s de una serie de encuentros virtuales abiertos al p\u00fablico, se presentaron momentos de reflexi\u00f3n sobre el pensamiento y experiencias concretas inspiradas en valores como la paz, la fraternidad y el di\u00e1logo.<\/span><\/i><\/p>\n\n<p>Por NetOne Brasil<\/p>\n\n<p>En medio de las dificultades impuestas por la pandemia de Covid-19, NetOne Brasil encontr\u00f3 una oportunidad para llevar a cabo una acci\u00f3n inspirada en los valores que la gu\u00edan: la construcci\u00f3n de una cultura medi\u00e1tica basada en la unidad y la fraternidad universales. Entre abril de 2021 y junio de 2022, se realizaron seis emisiones en directo por Internet con momentos de di\u00e1logo sobre temas espec\u00edficos, cuyos planteamientos estaban directamente relacionados con las ideas clave de la acci\u00f3n y el pensamiento de NetOne.&#13;\n<\/p>\n\n<p><span style=\"font-weight: 400;\">Transmitidos en el <\/span><a href=\"https:\/\/www.youtube.com\/c\/focolaresbr\"><span style=\"font-weight: 400;\">canal oficial de YouTube del Movimiento de los Focolares en Brasil<\/span><\/a><span style=\"font-weight: 400;\">, estos encuentros virtuales -llamados Un chat con NetOne Brasil- contaron con la participaci\u00f3n no s\u00f3lo de profesionales, profesores e investigadores en comunicaci\u00f3n y tecnolog\u00eda, sino tambi\u00e9n de personas interesadas, que interactuaron con los invitados a trav\u00e9s de preguntas e impresiones publicadas en el chat. En general, los ponentes invitados presentaron una breve reflexi\u00f3n y\/o experiencia sobre el tema de su competencia, a la que sigui\u00f3 un turno de preguntas y respuestas, tanto de los profesionales relacionados con NetOne como del p\u00fablico que sigui\u00f3 la emisi\u00f3n.<\/span><\/p>\n\n<p><span style=\"font-weight: 400;\">La primera transmisi\u00f3n en vivo, realizada en abril de 2021, fue presentada por algunos miembros de nuestra red que contaron su experiencia de producci\u00f3n de la <\/span><a href=\"https:\/\/mostre.legallerietrento.it\/chiaralubich\/\"><span style=\"font-weight: 400;\">exposici\u00f3n virtual del Centenario de Chiara Lubich<\/span><\/a><span style=\"font-weight: 400;\">, realizada en 2020, a la que sigui\u00f3 una breve reflexi\u00f3n a la luz del discurso de la fundadora de los Focolares en el nacimiento de NetOne.<\/span><\/p>\n\n<p>Los dem\u00e1s actos tuvieron los siguientes invitados y temas:<\/p>\n\n<p><ul><li><span style=\"font-weight: 400;\">En junio de 2021, Isabela Reis present\u00f3 la <\/span><i><span style=\"font-weight: 400;\">experiencia del Grupo Pensar<\/span><\/i><span style=\"font-weight: 400;\">, de R\u00edo de Janeiro, en el \u00e1mbito de la producci\u00f3n cultural y audiovisual.<\/span><\/li>&#13;\n<\/ul><\/p>\n\n<p><ul><li><span style=\"font-weight: 400;\">Al mes siguiente, Mariana Assis abord\u00f3 el tema <\/span><i><span style=\"font-weight: 400;\">Mejores pr\u00e1cticas para una comunicaci\u00f3n respetuosa en las redes sociales de las empresas: experiencias en algunas empresas<\/span><\/i><span style=\"font-weight: 400;\">.<\/span><\/li>&#13;\n<\/ul><\/p>\n\n<p><ul><li><span style=\"font-weight: 400;\">En septiembre de 2021, el periodista y profesor Aldo Quiroga dirigi\u00f3 el di\u00e1logo <\/span><i><span style=\"font-weight: 400;\">\u00abComunicar la esperanza\u00bb.<\/span><\/i><\/li>&#13;\n<\/ul><\/p>\n\n<p><span style=\"font-weight: 400;\">En 2022, las hermanas, profesoras e investigadoras Rebeca y Raquel Recuero presentaron, respectivamente, los temas <\/span><i><span style=\"font-weight: 400;\">Usuarios de los medios de comunicaci\u00f3n y cultura digital (mayo) e Internet y la (des)informaci\u00f3n: \u00bfc\u00f3mo afrontarla?<\/span><\/i><span style=\"font-weight: 400;\"> (junio).<\/span><\/p>\n\n<p>A juzgar por la intensa y entusiasta participaci\u00f3n del p\u00fablico (procedente de diferentes regiones de Brasil) y por los comentarios de las emisiones en directo, la iniciativa fue muy bien recibida, tanto porque fue un momento de aprendizaje para todos, como porque fue posible contemplar signos de esperanza en la construcci\u00f3n de una cultura medi\u00e1tica y tecnol\u00f3gica basada en la paz, la fraternidad y la unidad.&#13;\n<\/p>\n","protected":false},"excerpt":{"rendered":"<p>A trav\u00e9s de una serie de encuentros virtuales abiertos al p\u00fablico, se presentaron momentos de reflexi\u00f3n sobre el pensamiento y experiencias concretas inspiradas en valores como la paz, la fraternidad y el di\u00e1logo. Por NetOne Brasil En medio de las dificultades impuestas por la pandemia de Covid-19, NetOne Brasil encontr\u00f3 una oportunidad para llevar a [&hellip;]<\/p>\n","protected":false},"author":1,"featured_media":5794,"comment_status":"open","ping_status":"open","sticky":false,"template":"","format":"standard","meta":{"footnotes":""},"categories":[65,41],"tags":[],"class_list":["post-6102","post","type-post","status-publish","format-standard","has-post-thumbnail","hentry","category-noticias-es-2","category-sin-categorizar","entry","has-media"],"aioseo_notices":[],"_links":{"self":[{"href":"https:\/\/www.net-one.org\/es\/wp-json\/wp\/v2\/posts\/6102","targetHints":{"allow":["GET"]}}],"collection":[{"href":"https:\/\/www.net-one.org\/es\/wp-json\/wp\/v2\/posts"}],"about":[{"href":"https:\/\/www.net-one.org\/es\/wp-json\/wp\/v2\/types\/post"}],"author":[{"embeddable":true,"href":"https:\/\/www.net-one.org\/es\/wp-json\/wp\/v2\/users\/1"}],"replies":[{"embeddable":true,"href":"https:\/\/www.net-one.org\/es\/wp-json\/wp\/v2\/comments?post=6102"}],"version-history":[{"count":3,"href":"https:\/\/www.net-one.org\/es\/wp-json\/wp\/v2\/posts\/6102\/revisions"}],"predecessor-version":[{"id":6105,"href":"https:\/\/www.net-one.org\/es\/wp-json\/wp\/v2\/posts\/6102\/revisions\/6105"}],"wp:featuredmedia":[{"embeddable":true,"href":"https:\/\/www.net-one.org\/es\/wp-json\/wp\/v2\/media\/5794"}],"wp:attachment":[{"href":"https:\/\/www.net-one.org\/es\/wp-json\/wp\/v2\/media?parent=6102"}],"wp:term":[{"taxonomy":"category","embeddable":true,"href":"https:\/\/www.net-one.org\/es\/wp-json\/wp\/v2\/categories?post=6102"},{"taxonomy":"post_tag","embeddable":true,"href":"https:\/\/www.net-one.org\/es\/wp-json\/wp\/v2\/tags?post=6102"}],"curies":[{"name":"wp","href":"https:\/\/api.w.org\/{rel}","templated":true}]}}