{"id":6150,"date":"2022-03-15T23:53:55","date_gmt":"2022-03-15T22:53:55","guid":{"rendered":"https:\/\/www.net-one.org\/guerra-y-refugiados-abrazos-en-la-frontera\/"},"modified":"2023-01-16T19:09:09","modified_gmt":"2023-01-16T18:09:09","slug":"guerra-y-refugiados-abrazos-en-la-frontera","status":"publish","type":"post","link":"https:\/\/www.net-one.org\/es\/guerra-y-refugiados-abrazos-en-la-frontera\/","title":{"rendered":"Guerra y refugiados: abrazos en la frontera"},"content":{"rendered":"\n<figure class=\"wp-block-image size-large\"><img fetchpriority=\"high\" decoding=\"async\" width=\"1024\" height=\"529\" src=\"https:\/\/www.net-one.org\/wp-content\/uploads\/2022\/10\/Foto-de-Arturas-Kokorevas-en-Pexels-1200x620-Il-male-non-avra-1024x529.webp\" alt=\"\" class=\"wp-image-4757\" srcset=\"https:\/\/www.net-one.org\/wp-content\/uploads\/2022\/10\/Foto-de-Arturas-Kokorevas-en-Pexels-1200x620-Il-male-non-avra-1024x529.webp 1024w, https:\/\/www.net-one.org\/wp-content\/uploads\/2022\/10\/Foto-de-Arturas-Kokorevas-en-Pexels-1200x620-Il-male-non-avra-300x155.webp 300w, https:\/\/www.net-one.org\/wp-content\/uploads\/2022\/10\/Foto-de-Arturas-Kokorevas-en-Pexels-1200x620-Il-male-non-avra-768x397.webp 768w, https:\/\/www.net-one.org\/wp-content\/uploads\/2022\/10\/Foto-de-Arturas-Kokorevas-en-Pexels-1200x620-Il-male-non-avra.webp 1161w\" sizes=\"(max-width: 1024px) 100vw, 1024px\" \/><\/figure>\n<p>Guerra y refugiados: el mal no tendr\u00e1 la \u00faltima palabra<\/p>\n\n<p>15.03.2022\u00a0<\/p>\n\n<p><i><span style=\"font-weight: 400;\">El relato en primera persona de un voluntario que vive en la frontera de Fernetti (Trieste, Italia) con Eslovenia. El abrazo de toda una comunidad a los refugiados ucranianos.<\/span><\/i><\/p>\n\n<p><span style=\"font-weight: 400;\">Fuente: <\/span><a href=\"https:\/\/www.cittanuova.it\/\"><span style=\"font-weight: 400;\">Citt\u00e0 Nuova<\/span><\/a><\/p>\n\n<p><span style=\"font-weight: 400;\">Vivo a pocos kil\u00f3metros de la frontera donde <\/span><b>llegan los refugiados ucranianos. Me preguntaba qu\u00e9 pod\u00eda hacer <\/b><span style=\"font-weight: 400;\">y, en primer lugar, quer\u00eda ver c\u00f3mo se hab\u00eda preparado la recepci\u00f3n en el mismo lugar donde a\u00f1os antes hab\u00eda ense\u00f1ado italiano como voluntario a refugiados afganos y pakistan\u00edes.<\/span><\/p>\n\n<p>As\u00ed que voy all\u00ed y descubro que algunas personas han empezado a acoger a los que llegan para que puedan usar los ba\u00f1os y les ofrecen una bebida caliente, agua, jugo, dulces, manzanas, peluches y juguetes&#8230;&#13;\n<\/p>\n\n<p><span style=\"font-weight: 400;\">Apenas se\u00a0 entra, los autobuses se detienen para controlar a los pasajeros, que solo despues son auotrizados a descender. Mientras la providencia se pon\u00eda en marcha, de manera espl\u00e9ndida la <\/span><b>Polic\u00eda, Militares, Unicef, la Defensa Civil y la Agencia de la ONU para los Refugiados desempe\u00f1an papeles diferentes pero muy importantes.<\/b><\/p>\n\n<p><span style=\"font-weight: 400;\">Los que conoc\u00edan al gerente de los locales, como yo, se pusieron inmediatamente a su disposici\u00f3n, y <\/span><b>se form\u00f3 con \u00e9l un grupo de personas que, de boca en boca, avisan que dan su disponibilidad en alg\u00fan momento de las 24 horas del d\u00eda. <\/b><span style=\"font-weight: 400;\">Los que saben hablar ucraniano, ruso, ingl\u00e9s, los que traen las cosas que necesitan, los que aportan tiempo y coches para los paseos: es un continuo llenarse de bienes que salen coronados con sonrisas y la palabra \u00abgracias\u00bb en muchos idiomas.<\/span><\/p>\n\n<p>Una se\u00f1ora me deja grandes bolsas de pa\u00f1ales, sandwiches y jugos, dici\u00e9ndome que ha recibido una herencia en dinero y que pens\u00f3 utilizarla para esto. &#13;\n&#13;\n<\/p>\n\n<p>A trav\u00e9s de un amigo, llegan tres personas de la Iglesia Adventista. Son muy sensibles y socialmente activas, por lo que una de ellas, de origen ucraniano pero residente en Italia desde hace muchos a\u00f1os, se pone a disposici\u00f3n de su hija.<\/p>\n\n<p>Un joven ucraniano se pone a disposici\u00f3n para pasar la noche, pero no tiene coche: \u00bfc\u00f3mo llegar a Fernetti? <\/p>\n\n<p> Lo recoger\u00e9. Est\u00e1 haciendo un doctorado en Trieste. Es de Lviv. Hablamos de su pa\u00eds y tratamos de entender, de escuchar nuestras versiones, nuestras perplejidades, nuestros pensamientos. Me quedo con \u00e9l hasta medianoche para ayudarle.<\/p>\n\n<p>Me doy cuenta de que tambi\u00e9n hay que poner especial cuidado en la limpieza de los ba\u00f1os; despu\u00e9s del ir y venir de una avalancha de gente, por la noche veo que est\u00e1n casi tan presentables como por la ma\u00f1ana despu\u00e9s de lavarlos y desinfectarlos, \u00a1nunca lo hubiera esperado!&#13;\n<\/p>\n\n<p><b>\u00a1Qu\u00e9 dolor encontrarme con los ojos de las madres con sus hijos!<\/b><span style=\"font-weight: 400;\"> Una anciana se baja del autob\u00fas con dificultad. Est\u00e1 llorando, tiene un pa\u00f1uelo en la cabeza y est\u00e1 en bata: se lanza a mi cuello, lloro con ella, no nos decimos nada.<\/span><\/p>\n\n<p>Recibo el abrazo emocionado de un ni\u00f1o de quiz\u00e1s 12 a\u00f1os que, sin saber hablar mi idioma, me da las gracias y me hace comprender que podemos esperar un mundo mejor.&#13;\n<\/p>\n\n<p>Conseguimos llevar sopa caliente a madres y ni\u00f1os que llevan dos d\u00edas de viaje.&#13;\n<\/p>\n\n<p>Todos ellos tienen que pasar por un hisopado porque no contin\u00faan inmediatamente hacia otro destino en Italia, sino que se detienen en Trieste una noche en una parroquia: un m\u00e9dico amigo se pone a su disposici\u00f3n.<\/p>\n\n<p>Sin embargo, una pareja de ancianos no encuentra alojamiento: vienen a nuestra casa y a la ma\u00f1ana siguiente les acompa\u00f1amos a tomar el tren a N\u00e1poles, donde les esperan sus dos hijos y sus nietos.&#13;\n<\/p>\n\n<p>Durante la cena se abren. \u00c9l habla italiano con acento napolitano, ella tiene or\u00edgenes rusos. Vienen de Kircuk. Diez d\u00edas en un refugio bajo tierra, escaparon durante el bombardeo de las casas contiguas a la suya, est\u00e1n vivos de milagro.&#13;\n<\/p>\n\n<p>Nos animamos unos a otros, sabiendo que mientras haya personas dispuestas a ver en el otro un hermano, el mal no tendr\u00e1 la \u00faltima palabra.&#13;\n<\/p>\n","protected":false},"excerpt":{"rendered":"<p>Guerra y refugiados: el mal no tendr\u00e1 la \u00faltima palabra 15.03.2022\u00a0 El relato en primera persona de un voluntario que vive en la frontera de Fernetti (Trieste, Italia) con Eslovenia. El abrazo de toda una comunidad a los refugiados ucranianos. Fuente: Citt\u00e0 Nuova Vivo a pocos kil\u00f3metros de la frontera donde llegan los refugiados ucranianos. [&hellip;]<\/p>\n","protected":false},"author":1,"featured_media":5594,"comment_status":"open","ping_status":"open","sticky":false,"template":"","format":"standard","meta":{"footnotes":""},"categories":[65,41],"tags":[],"class_list":["post-6150","post","type-post","status-publish","format-standard","has-post-thumbnail","hentry","category-noticias-es-2","category-sin-categorizar","entry","has-media"],"aioseo_notices":[],"_links":{"self":[{"href":"https:\/\/www.net-one.org\/es\/wp-json\/wp\/v2\/posts\/6150","targetHints":{"allow":["GET"]}}],"collection":[{"href":"https:\/\/www.net-one.org\/es\/wp-json\/wp\/v2\/posts"}],"about":[{"href":"https:\/\/www.net-one.org\/es\/wp-json\/wp\/v2\/types\/post"}],"author":[{"embeddable":true,"href":"https:\/\/www.net-one.org\/es\/wp-json\/wp\/v2\/users\/1"}],"replies":[{"embeddable":true,"href":"https:\/\/www.net-one.org\/es\/wp-json\/wp\/v2\/comments?post=6150"}],"version-history":[{"count":1,"href":"https:\/\/www.net-one.org\/es\/wp-json\/wp\/v2\/posts\/6150\/revisions"}],"predecessor-version":[{"id":6151,"href":"https:\/\/www.net-one.org\/es\/wp-json\/wp\/v2\/posts\/6150\/revisions\/6151"}],"wp:featuredmedia":[{"embeddable":true,"href":"https:\/\/www.net-one.org\/es\/wp-json\/wp\/v2\/media\/5594"}],"wp:attachment":[{"href":"https:\/\/www.net-one.org\/es\/wp-json\/wp\/v2\/media?parent=6150"}],"wp:term":[{"taxonomy":"category","embeddable":true,"href":"https:\/\/www.net-one.org\/es\/wp-json\/wp\/v2\/categories?post=6150"},{"taxonomy":"post_tag","embeddable":true,"href":"https:\/\/www.net-one.org\/es\/wp-json\/wp\/v2\/tags?post=6150"}],"curies":[{"name":"wp","href":"https:\/\/api.w.org\/{rel}","templated":true}]}}