{"id":6175,"date":"2022-02-01T19:45:44","date_gmt":"2022-02-01T18:45:44","guid":{"rendered":"https:\/\/www.net-one.org\/en-un-entre-generativo\/"},"modified":"2023-01-16T20:43:01","modified_gmt":"2023-01-16T19:43:01","slug":"en-un-entre-generativo","status":"publish","type":"post","link":"https:\/\/www.net-one.org\/es\/en-un-entre-generativo\/","title":{"rendered":"En un \u00abentre\u00bb generativo"},"content":{"rendered":"\n<figure class=\"wp-block-image size-full is-resized\"><img fetchpriority=\"high\" decoding=\"async\" src=\"http:\/\/www.net-one.org\/wp-content\/uploads\/2022\/11\/Il-tra.webp\" alt=\"\" class=\"wp-image-5294\" width=\"446\" height=\"446\" srcset=\"https:\/\/www.net-one.org\/wp-content\/uploads\/2022\/11\/Il-tra.webp 600w, https:\/\/www.net-one.org\/wp-content\/uploads\/2022\/11\/Il-tra-300x300.webp 300w, https:\/\/www.net-one.org\/wp-content\/uploads\/2022\/11\/Il-tra-150x150.webp 150w\" sizes=\"(max-width: 446px) 100vw, 446px\" \/><\/figure>\n<p>Un seminario interdisciplinario para dialogar sobre un objetivo fundante de nuestra humanidad&#13;\n<\/p>\n\n<p><span style=\"font-weight: 400;\">Se necesita un humilde \u00abroce mutuo\u00bb para que la chispa de la verdad se encienda en una vida com\u00fan. Esta idea de eco plat\u00f3nico se puso a prueba del 27 al 29 de enero de 2022 a trav\u00e9s del seminario <\/span><a href=\"https:\/\/www.sophiauniversity.org\/it\/news\/in-un-tra-generativo\/?fbclid=IwAR256auy-q24ZU9CQWhqd5YXFufOjcmMWUXejfV24nZZGjxtDhrHzNAy7sg\"><i><span style=\"font-weight: 400;\">Dialogos interdisciplinares sobre el\u201centre\u201d<\/span><\/i><\/a><span style=\"font-weight: 400;\"> promosso dalla Scuola di Postdottorato dell&#8217;<\/span><a href=\"https:\/\/www.sophiauniversity.org\/it\/\"><span style=\"font-weight: 400;\">Istituto Universitario Sophia<\/span><\/a><span style=\"font-weight: 400;\"> (IUS), promovido por la Escuela Postdoctoral del Instituto Universitario Sophia (IUS). En el riqu\u00edsimo programa se alternaron acad\u00e9micos de alto nivel y j\u00f3venes investigadores en una confrontaci\u00f3n muy viva entre diferentes campos disciplinarios -de la filosof\u00eda al derecho, de la psicolog\u00eda a la econom\u00eda, de la sociolog\u00eda a la epistemolog\u00eda, de la pedagog\u00eda a la teolog\u00eda- y expresando visiones de diferentes matrices culturales desde Europa a Am\u00e9rica Latina.<\/span><\/p>\n\n<p>El programa se ha desarrollado gracias a la contribuci\u00f3n de profesores de la Pontificia Universidad Gregoriana de Roma, la Universidad de Lyon, Pisa, LUMSA, Sassari, Bolonia, Pernambuco (Brasil) y la Fundaci\u00f3n Zancan de Padua.&#13;\n<\/p>\n\n<p><span style=\"font-weight: 400;\">La \u00abmirada\u00bb que se abri\u00f3, en un juego de fascinantes referencias cruzadas entre una y otra disciplina, expresadas con diferentes lenguajes formales, se orient\u00f3 de manera in\u00e9dita hacia el conocimiento de un mismo objeto enigm\u00e1tico pero vital: la relaci\u00f3n social, descubierta como m\u00e1s verdadera en la medida en que se deja transformar por y en una terceridad que la genera y regenera m\u00e1s profundamente.<\/span><\/p>\n\n<p><span style=\"font-weight: 400;\">En el marco del seminario, <\/span><b>Isabel Gatti, coordinadora internacional de NetoOne, y Cristina Montoya, profesora responsable del IUS y referente de NetOne en Colombia<\/b><span style=\"font-weight: 400;\">, presentaron sus investigaciones.\u00a0<\/span><\/p>\n\n<p><span style=\"font-weight: 400;\">Gatti habl\u00f3 sobre <\/span><i><span style=\"font-weight: 400;\">El \u00abentre\u00bb como mediaci\u00f3n una perspectiva para entender la diversidad cultural, con un estudio de caso: \u00abAlgunas huellas de la relaci\u00f3n entre culturas en la vida y el pensamiento de Chiara Lubich\u00bb<\/span><\/i><span style=\"font-weight: 400;\">, mientras que Montoya habl\u00f3 sobre <\/span><i><span style=\"font-weight: 400;\">El \u00abentre\u00bb como relaci\u00f3n emergente y los retos del Metaverso.<\/span><\/i>&#13;\n&#13;\n\u00a0<\/p>\n","protected":false},"excerpt":{"rendered":"<p>Un seminario interdisciplinario para dialogar sobre un objetivo fundante de nuestra humanidad&#13; Se necesita un humilde \u00abroce mutuo\u00bb para que la chispa de la verdad se encienda en una vida com\u00fan. Esta idea de eco plat\u00f3nico se puso a prueba del 27 al 29 de enero de 2022 a trav\u00e9s del seminario Dialogos interdisciplinares sobre [&hellip;]<\/p>\n","protected":false},"author":1,"featured_media":5850,"comment_status":"open","ping_status":"open","sticky":false,"template":"","format":"standard","meta":{"footnotes":""},"categories":[65,41],"tags":[],"class_list":["post-6175","post","type-post","status-publish","format-standard","has-post-thumbnail","hentry","category-noticias-es-2","category-sin-categorizar","entry","has-media"],"aioseo_notices":[],"_links":{"self":[{"href":"https:\/\/www.net-one.org\/es\/wp-json\/wp\/v2\/posts\/6175","targetHints":{"allow":["GET"]}}],"collection":[{"href":"https:\/\/www.net-one.org\/es\/wp-json\/wp\/v2\/posts"}],"about":[{"href":"https:\/\/www.net-one.org\/es\/wp-json\/wp\/v2\/types\/post"}],"author":[{"embeddable":true,"href":"https:\/\/www.net-one.org\/es\/wp-json\/wp\/v2\/users\/1"}],"replies":[{"embeddable":true,"href":"https:\/\/www.net-one.org\/es\/wp-json\/wp\/v2\/comments?post=6175"}],"version-history":[{"count":1,"href":"https:\/\/www.net-one.org\/es\/wp-json\/wp\/v2\/posts\/6175\/revisions"}],"predecessor-version":[{"id":6176,"href":"https:\/\/www.net-one.org\/es\/wp-json\/wp\/v2\/posts\/6175\/revisions\/6176"}],"wp:featuredmedia":[{"embeddable":true,"href":"https:\/\/www.net-one.org\/es\/wp-json\/wp\/v2\/media\/5850"}],"wp:attachment":[{"href":"https:\/\/www.net-one.org\/es\/wp-json\/wp\/v2\/media?parent=6175"}],"wp:term":[{"taxonomy":"category","embeddable":true,"href":"https:\/\/www.net-one.org\/es\/wp-json\/wp\/v2\/categories?post=6175"},{"taxonomy":"post_tag","embeddable":true,"href":"https:\/\/www.net-one.org\/es\/wp-json\/wp\/v2\/tags?post=6175"}],"curies":[{"name":"wp","href":"https:\/\/api.w.org\/{rel}","templated":true}]}}