{"id":6213,"date":"2021-01-24T20:00:44","date_gmt":"2021-01-24T19:00:44","guid":{"rendered":"https:\/\/www.net-one.org\/la-historia-de-chiara-lubich-en-una-pelicula-tv\/"},"modified":"2023-01-16T21:35:49","modified_gmt":"2023-01-16T20:35:49","slug":"la-historia-de-chiara-lubich-en-una-pelicula-tv","status":"publish","type":"post","link":"https:\/\/www.net-one.org\/es\/la-historia-de-chiara-lubich-en-una-pelicula-tv\/","title":{"rendered":"La historia de Chiara Lubich en una pel\u00edcula TV"},"content":{"rendered":"\n<figure class=\"wp-block-image size-full\"><img fetchpriority=\"high\" decoding=\"async\" width=\"889\" height=\"500\" src=\"https:\/\/www.net-one.org\/wp-content\/uploads\/2022\/11\/intervista-fotogramma.webp\" alt=\"\" class=\"wp-image-5154\" srcset=\"https:\/\/www.net-one.org\/wp-content\/uploads\/2022\/11\/intervista-fotogramma.webp 889w, https:\/\/www.net-one.org\/wp-content\/uploads\/2022\/11\/intervista-fotogramma-300x169.webp 300w, https:\/\/www.net-one.org\/wp-content\/uploads\/2022\/11\/intervista-fotogramma-768x432.webp 768w\" sizes=\"(max-width: 889px) 100vw, 889px\" \/><\/figure>\n<p><a href=\"https:\/\/www.raiplay.it\/video\/2020\/12\/Chiara-Lubich-L-amore-vince-tutto-64d4bcdb-05bf-4149-b160-772c32ae52a5.html\"><span style=\"font-weight: 400;\">Chiara Lubich, \u00abEl amor lo vence todo<\/span><\/a><span style=\"font-weight: 400;\">\u00bb es el t\u00edtulo de la pel\u00edcula italiana que narra la vida de la joven maestra de primaria trentina que dio vida al Movimiento de los Focolares e inspir\u00f3 muchas iniciativas de renovaci\u00f3n sociocultural basadas en el Evangelio. Entre ellas, tambi\u00e9n <\/span><b>NetOne<\/b><span style=\"font-weight: 400;\">. Entrevista con el productor art\u00edstico Saverio D&#8217;Ercole\u00a0<\/span><\/p>\n\n<p>Por Silvano Malini<\/p>\n\n<p><span style=\"font-weight: 400;\">La pel\u00edcula para televisi\u00f3n se emiti\u00f3 en del primer canal de la red estatal Rai (Radio-Televisione Italiana) el 3 de enero de 2021, en horario de m\u00e1xima audiencia, y posteriormente se puso a disposici\u00f3n de los usuarios de forma gratuita en el portal Rai Play, donde todav\u00eda se puede ver desde Italia.<\/span><\/p>\n\n<p><span style=\"font-weight: 400;\">La obra fue realizada por <\/span><b>Casanova Multimedia en colaboraci\u00f3n con Rai Fiction<\/b><span style=\"font-weight: 400;\">, <\/span><b>dirigida por Giacomo Campiotti y protagonizada por <\/b><a href=\"https:\/\/www.avvenire.it\/agora\/pagine\/intervista-a-cristiana-capotondi-chiara-lubich-modello\"><b>Cristiana Capotondi<\/b><\/a><b>.\u00a0<\/b><\/p>\n\n<p>Unos meses antes de la emisi\u00f3n, la periodista Stefania Tanesini entrevist\u00f3 al productor art\u00edstico del proyecto, Saverio D&#8217;Ercole.<\/p>\n\n<p>\u00abConoc\u00ed el ideal de Chiara cuando ten\u00eda 11 a\u00f1os\u00bb, dijo D&#8217;Ercole, que explic\u00f3 el origen de la pel\u00edcula. \u00abHace unos a\u00f1os, el entonces director de Rai Fiction, Tinny Andreatta, expres\u00f3 el deseo de contar las historias de grandes mujeres italianas, tambi\u00e9n del pasado. Ese fue el momento en que, junto con algunos de nosotros, pensamos que era el momento adecuado para proponer la figura de Chiara\u00bb. Tras expresar su m\u00e1s sincero agradecimiento a los directivos de la RAI que han hecho posible esta pel\u00edcula, en la que han trabajado durante unos tres a\u00f1os, D&#8217;Ercole ha destacado el papel del productor Luca Barbareschi, de Casanova &#8211; Eliseo Fiction, porque a pesar de ser un proyecto \u00abcon enormes problemas econ\u00f3micos, se comprometi\u00f3 en llevarlo a cabo, dej\u00e1ndolo claro que lo hizo \u00abpor el contenido que transmite la pel\u00edcula\u00bb. &#13;\n<\/p>\n\n<p>\u00abCondensar una figura compleja como la de Chiara Lubich en una hora y media de pel\u00edcula no debe haber sido una tarea f\u00e1cil\u00bb, reflexiona Tanesini. \u00abSeleccionar el material y entender qu\u00e9 hacer encajar en 90 o 100 minutos de pel\u00edcula fue muy dif\u00edcil\u00bb, confirma el cineasta. \u00abPor supuesto, los autores tuvieron un papel fundamental en esto\u00bb. Sin embargo, admite que \u00abel riesgo era tener una larga lista de eventos, pero no una historia\u00bb. De ah\u00ed la decisi\u00f3n de \u00abcircunscribir el relato\u00bb a lo que se consideraba \u00abel coraz\u00f3n de la historia\u00bb, es decir, los a\u00f1os 40, contados desde el \u00abmarco narrativo\u00bb de los interrogatorios del Santo Oficio, que tuvieron lugar en los a\u00f1os 50 en el Vaticano. <\/p>\n\n<p>\u00abPor supuesto, una ficci\u00f3n\u00bb -a diferencia de un documental- \u00abimplica un margen de creatividad para poder construir un relato apasionante\u00bb, siempre con referencia a la historia real. En una entrevista posterior, ejemplific\u00f3 con la soluci\u00f3n narrativa de haber hecho coincidir a un personaje de la vida real, del que poco se sab\u00eda, con la hija de un jerarca fascista. Un personaje en torno al cual se han catalizado de alguna manera las acusaciones y cr\u00edticas al modus operandi de la protagonista.   &#13;\n<\/p>\n\n<p>\u00ab\u00bfQu\u00e9 Chiara emerge en esta pel\u00edcula?\u00bb. \u00abLa Chiara de Giacomo Campiotti, autor, coautor y director, y de Cristiana Capotondi. Esto es muy importante, porque ambos no conoc\u00edan el Movimiento antes, o al menos lo conoc\u00edan de forma gen\u00e9rica, sin profundizar. As\u00ed que fue su ojo externo el que se acerc\u00f3 a Chiara&#8217;. Cada uno de ellos lo hizo \u00abcon su propia profesionalidad y talento\u00bb. El encuentro entre la dimensi\u00f3n art\u00edstica de Giacomo y la de Cristiana, como int\u00e9rprete, desde mi punto de vista dio lugar a una Chiara extraordinaria. Creo que es justo y adecuado dejar de lado la imagen que cada uno de nosotros tiene de Chiara, incluso para aquellos que la conocieron como yo, y proyectarnos en esta dimensi\u00f3n, en este encuentro art\u00edstico hecho con honestidad, con sinceridad y con profundidad\u00bb. &#13;\n<\/p>\n","protected":false},"excerpt":{"rendered":"<p>Chiara Lubich, \u00abEl amor lo vence todo\u00bb es el t\u00edtulo de la pel\u00edcula italiana que narra la vida de la joven maestra de primaria trentina que dio vida al Movimiento de los Focolares e inspir\u00f3 muchas iniciativas de renovaci\u00f3n sociocultural basadas en el Evangelio. Entre ellas, tambi\u00e9n NetOne. Entrevista con el productor art\u00edstico Saverio D&#8217;Ercole\u00a0 [&hellip;]<\/p>\n","protected":false},"author":1,"featured_media":5818,"comment_status":"open","ping_status":"open","sticky":false,"template":"","format":"standard","meta":{"footnotes":""},"categories":[65,41],"tags":[],"class_list":["post-6213","post","type-post","status-publish","format-standard","has-post-thumbnail","hentry","category-noticias-es-2","category-sin-categorizar","entry","has-media"],"aioseo_notices":[],"_links":{"self":[{"href":"https:\/\/www.net-one.org\/es\/wp-json\/wp\/v2\/posts\/6213","targetHints":{"allow":["GET"]}}],"collection":[{"href":"https:\/\/www.net-one.org\/es\/wp-json\/wp\/v2\/posts"}],"about":[{"href":"https:\/\/www.net-one.org\/es\/wp-json\/wp\/v2\/types\/post"}],"author":[{"embeddable":true,"href":"https:\/\/www.net-one.org\/es\/wp-json\/wp\/v2\/users\/1"}],"replies":[{"embeddable":true,"href":"https:\/\/www.net-one.org\/es\/wp-json\/wp\/v2\/comments?post=6213"}],"version-history":[{"count":1,"href":"https:\/\/www.net-one.org\/es\/wp-json\/wp\/v2\/posts\/6213\/revisions"}],"predecessor-version":[{"id":6214,"href":"https:\/\/www.net-one.org\/es\/wp-json\/wp\/v2\/posts\/6213\/revisions\/6214"}],"wp:featuredmedia":[{"embeddable":true,"href":"https:\/\/www.net-one.org\/es\/wp-json\/wp\/v2\/media\/5818"}],"wp:attachment":[{"href":"https:\/\/www.net-one.org\/es\/wp-json\/wp\/v2\/media?parent=6213"}],"wp:term":[{"taxonomy":"category","embeddable":true,"href":"https:\/\/www.net-one.org\/es\/wp-json\/wp\/v2\/categories?post=6213"},{"taxonomy":"post_tag","embeddable":true,"href":"https:\/\/www.net-one.org\/es\/wp-json\/wp\/v2\/tags?post=6213"}],"curies":[{"name":"wp","href":"https:\/\/api.w.org\/{rel}","templated":true}]}}