{"id":6588,"date":"2023-05-16T12:54:52","date_gmt":"2023-05-16T10:54:52","guid":{"rendered":"https:\/\/www.net-one.org\/mensaje-del-papa-para-la-jornada-de-las-comunicaciones-sociales-2023\/"},"modified":"2023-05-29T16:39:00","modified_gmt":"2023-05-29T14:39:00","slug":"mensaje-del-papa-para-la-jornada-de-las-comunicaciones-sociales-2023","status":"publish","type":"post","link":"https:\/\/www.net-one.org\/es\/mensaje-del-papa-para-la-jornada-de-las-comunicaciones-sociales-2023\/","title":{"rendered":"Mensaje del Papa para la Jornada de las Comunicaciones Sociales 2023"},"content":{"rendered":"<p><img fetchpriority=\"high\" decoding=\"async\" class=\"alignnone size-medium wp-image-6569\" src=\"http:\/\/www.net-one.org\/wp-content\/uploads\/2023\/05\/PapaUdienzaPiazzaSanPietro_23102019_0111-755x491-1-685x445-1-300x281.jpg\" alt=\"\" width=\"300\" height=\"281\" srcset=\"https:\/\/www.net-one.org\/wp-content\/uploads\/2023\/05\/PapaUdienzaPiazzaSanPietro_23102019_0111-755x491-1-685x445-1-300x281.jpg 300w, https:\/\/www.net-one.org\/wp-content\/uploads\/2023\/05\/PapaUdienzaPiazzaSanPietro_23102019_0111-755x491-1-685x445-1.jpg 475w\" sizes=\"(max-width: 300px) 100vw, 300px\" \/><\/p>\n<p>16.5.2023<\/p>\n<p><strong>\u00abHablar con el coraz\u00f3n. Seg\u00fan la verdad en la caridad\u00bb.<\/strong> Este es el tema central del mensaje para la 57\u00aa Jornada Mundial de las Comunicaciones Sociales, que este a\u00f1o se celebrar\u00e1 el domingo 21 de mayo. El Papa recuerda a Francisco de Sales, patrono de los periodistas, como \u00abuno de los ejemplos m\u00e1s luminosos y fascinantes de &#8216;hablar con el coraz\u00f3n; \u00abEs desde este &#8216;criterio de amor&#8217; que, a trav\u00e9s de sus escritos y su testimonio de vida, el santo obispo de Ginebra nos recuerda que &#8216;somos lo que comunicamos&#8217;.<\/p>\n<p>Una lecci\u00f3n que va a contracorriente hoy en un tiempo en el que, como experimentamos particularmente en las redes sociales, que la comunicaci\u00f3n es a menudo para que el mundo nos vea como quisi\u00e9ramos ser y no como<br \/>\nsomos\u00bb.<br \/>\nEl tema est\u00e1 perfectamente relacionado con el del a\u00f1o pasado, que apelaba a la escucha.<\/p>\n<p>El Santo Padre se centra en particular en \u00abhablar con el coraz\u00f3n\u00bb como centro de la acogida, el di\u00e1logo y el compartir.<br \/>\n\u00abNo debemos tener miedo de proclamar la verdad, aunque a veces resulte inc\u00f3moda\u00bb, pero hacerlo con<br \/>\ncaridad. La invitaci\u00f3n del Papa nos insta a tener \u00abun coraz\u00f3n que con sus latidos revele la verdad de nuestro ser y que, por tanto, debe ser escuchado\u00bb y afirma: \u00abEsto lleva al oyente a sintonizar en la misma longitud de onda, hasta el punto de poder sentir en su propio coraz\u00f3n hasta el punto de poder sentir tambi\u00e9n el latido del otro. Entonces puede producirse el milagro del encuentro, que nos hace mirarnos unos a otros con compasi\u00f3n, acogiendo las fragilidades de los dem\u00e1s con respeto, en lugar de juzgar de o\u00eddas y sembrar discordias y divisiones\u00bb.<br \/>\nEl Pont\u00edfice se\u00f1ala: \u00bb<\/p>\n<p>Que los trabajadores de la comunicaci\u00f3n se sientan inspirados por este santo de la ternura &#8211; augura el Papa- buscando y diciendo la verdad con valent\u00eda y libertad, pero rechazando la tentaci\u00f3n de usar medios llamativos y agresivos\u00bb.<br \/>\n\u00abEn el dram\u00e1tico contexto de conflicto global que estamos viviendo, es urgente afirmar una comunicaci\u00f3n no hostil\u00bb. El Papa exhorta a los \u00abcomunicadores dispuestos al di\u00e1logo implicados en la promoci\u00f3n del desarme integral y comprometidos en el desmantelamiento de la psicosis b\u00e9lica que acecha en nuestros corazones\u00bb, que \u00abno est\u00e9n atrincherados, sino que sean audaces y creativos, dispuestos a asumir riesgos para encontrar un terreno com\u00fan en el que puedan encontrarse\u00bb.<br \/>\nComo hace 60 a\u00f1os, prosigue, \u00abvivimos ahora una hora oscura en la que la humanidad teme una escalada b\u00e9lica que hay que frenar cuanto antes, tambi\u00e9n en t\u00e9rminos de comunicaci\u00f3n. Uno se horroriza al o\u00edr con qu\u00e9 facilidad se pronuncian palabras que llaman a la destrucci\u00f3n de los pueblos, que llaman a la destrucci\u00f3n de pueblos y territorios. Palabras que desgraciadamente se convierten a menudo en acciones b\u00e9licas de violencia atroz.<\/p>\n<p>Por eso debe rechazarse toda ret\u00f3rica belicosa, as\u00ed como cualquier forma de propaganda que manipule la verdad, desfigurando con fines ideol\u00f3gicos.<br \/>\nPor el contrario, debe fomentarse la comunicaci\u00f3n a todos los niveles para ayudar a crear las condiciones<br \/>\npara resolver los conflictos entre los pueblos\u00bb.<br \/>\nComo cristianos, reiter\u00f3 el Papa, para poder comunicar seg\u00fan la verdad en la caridad es necesario purificar el coraz\u00f3n. \u00abS\u00f3lo escuchando y hablando con un coraz\u00f3n puro podemos ver m\u00e1s all\u00e1 de las apariencias y superar el ruido indistinto que, incluso en el campo de la informaci\u00f3n, no nos ayuda a discernir en la complejidad del mundo en que vivimos\u00bb. advierte el Papa, \u00absabemos que es precisamente a trav\u00e9s de la conversi\u00f3n del coraz\u00f3n c\u00f3mo se decide el destino de la paz, ya que el virus de la guerra procede del interior del coraz\u00f3n humano\u00bb. Se trata de un pasaje de gran actualidad en el mensaje. El Papa se dirige de modo particular a los trabajadores de la comunicaci\u00f3n, pero recuerda que \u00aben un per\u00edodo hist\u00f3rico marcado por polarizaciones y oposiciones, el compromiso por una comunicaci\u00f3n &#8216;desde el y abierta\u00bb no concierne s\u00f3lo a la comunicaci\u00f3n de la informaci\u00f3n, sino que es responsabilidad de todos. Todos estamos llamados a buscar y decir la verdad y a hacerlo con caridad\u00bb.<br \/>\nExhort\u00e1ndonos a \u00abguardar nuestra lengua del mal\u00bb, el Santo Padre reitera c\u00f3mo \u00bb a veces el hablar amable, abre una brecha incluso en los corazones m\u00e1s endurecidos\u00bb: \u00abLo experimentamos en la convivencia c\u00edvica, donde la amabilidad no es s\u00f3lo una cuesti\u00f3n de &#8216;etiqueta&#8217;, sino un verdadero ant\u00eddoto contra la crueldad, que desgraciadamente puede envenenar los corazones e intoxicar las relaciones. Lo necesitamos en los medios de comunicaci\u00f3n, para que la comunicaci\u00f3n no fomente el resentimiento que exaspera, genera ira y lleva a la confrontaci\u00f3n, sino que ayude a la gente a reflexionar con calma, a<br \/>\ndescifrar, con esp\u00edritu cr\u00edtico y siempre respetuoso, la realidad en la que viven\u00bb.<\/p>\n<p>El mensaje concluye subrayando que el esfuerzo por \u00abencontrar las palabras adecuadas\u00bb para construir<br \/>\n\u00abuna civilizaci\u00f3n mejor\u00bb es una responsabilidad confiada a los trabajadores de la comunicaci\u00f3n y para ellos invoca al Se\u00f1or, para que con su profesi\u00f3n marcada por la verdad en la caridad\u00bb, puedan ayudarnos a redescubrirnos como hermanos y a \u00absentirnos custodios los unos de otros\u00bb.<\/p>\n","protected":false},"excerpt":{"rendered":"<p>16.5.2023 \u00abHablar con el coraz\u00f3n. Seg\u00fan la verdad en la caridad\u00bb. Este es el tema central del mensaje para la 57\u00aa Jornada Mundial de las Comunicaciones Sociales, que este a\u00f1o se celebrar\u00e1 el domingo 21 de mayo. El Papa recuerda a Francisco de Sales, patrono de los periodistas, como \u00abuno de los ejemplos m\u00e1s luminosos [&hellip;]<\/p>\n","protected":false},"author":1,"featured_media":6573,"comment_status":"open","ping_status":"open","sticky":false,"template":"","format":"standard","meta":{"footnotes":""},"categories":[],"tags":[],"class_list":["post-6588","post","type-post","status-publish","format-standard","has-post-thumbnail","hentry","entry","has-media"],"aioseo_notices":[],"_links":{"self":[{"href":"https:\/\/www.net-one.org\/es\/wp-json\/wp\/v2\/posts\/6588","targetHints":{"allow":["GET"]}}],"collection":[{"href":"https:\/\/www.net-one.org\/es\/wp-json\/wp\/v2\/posts"}],"about":[{"href":"https:\/\/www.net-one.org\/es\/wp-json\/wp\/v2\/types\/post"}],"author":[{"embeddable":true,"href":"https:\/\/www.net-one.org\/es\/wp-json\/wp\/v2\/users\/1"}],"replies":[{"embeddable":true,"href":"https:\/\/www.net-one.org\/es\/wp-json\/wp\/v2\/comments?post=6588"}],"version-history":[{"count":1,"href":"https:\/\/www.net-one.org\/es\/wp-json\/wp\/v2\/posts\/6588\/revisions"}],"predecessor-version":[{"id":6611,"href":"https:\/\/www.net-one.org\/es\/wp-json\/wp\/v2\/posts\/6588\/revisions\/6611"}],"wp:featuredmedia":[{"embeddable":true,"href":"https:\/\/www.net-one.org\/es\/wp-json\/wp\/v2\/media\/6573"}],"wp:attachment":[{"href":"https:\/\/www.net-one.org\/es\/wp-json\/wp\/v2\/media?parent=6588"}],"wp:term":[{"taxonomy":"category","embeddable":true,"href":"https:\/\/www.net-one.org\/es\/wp-json\/wp\/v2\/categories?post=6588"},{"taxonomy":"post_tag","embeddable":true,"href":"https:\/\/www.net-one.org\/es\/wp-json\/wp\/v2\/tags?post=6588"}],"curies":[{"name":"wp","href":"https:\/\/api.w.org\/{rel}","templated":true}]}}