{"id":6718,"date":"2023-08-21T11:28:55","date_gmt":"2023-08-21T09:28:55","guid":{"rendered":"https:\/\/www.net-one.org\/la-comunicacion-en-tiempos-de-guerra\/"},"modified":"2023-08-21T11:28:55","modified_gmt":"2023-08-21T09:28:55","slug":"la-comunicacion-en-tiempos-de-guerra","status":"publish","type":"post","link":"https:\/\/www.net-one.org\/es\/la-comunicacion-en-tiempos-de-guerra\/","title":{"rendered":"La comunicaci\u00f3n en tiempos de guerra"},"content":{"rendered":"<p><strong>21.08.2023<\/strong><\/p>\n<p><strong>En la JMJ un di\u00e1logo transversal para una \u00e9tica com\u00fan<\/strong><\/p>\n<p><img fetchpriority=\"high\" decoding=\"async\" class=\"alignnone wp-image-6688\" src=\"http:\/\/www.net-one.org\/wp-content\/uploads\/2023\/08\/Header-Articolo-Dialop-300x85.png\" alt=\"\" width=\"537\" height=\"152\" srcset=\"https:\/\/www.net-one.org\/wp-content\/uploads\/2023\/08\/Header-Articolo-Dialop-300x85.png 300w, https:\/\/www.net-one.org\/wp-content\/uploads\/2023\/08\/Header-Articolo-Dialop-1024x291.png 1024w, https:\/\/www.net-one.org\/wp-content\/uploads\/2023\/08\/Header-Articolo-Dialop-768x219.png 768w, https:\/\/www.net-one.org\/wp-content\/uploads\/2023\/08\/Header-Articolo-Dialop.png 1230w\" sizes=\"(max-width: 537px) 100vw, 537px\" \/><\/p>\n<p><em>Durante la Jornada Mundial de la Juventud 2023 de Portugal, el viaje de DIALOP da un ulterior paso adelante. De 20 pa\u00edses, 134 j\u00f3venes participaron en \u201cLa comunicaci\u00f3n en tiempos de guerra\u201d promovido por DIALOP durante la JMJ para discutir acerca de c\u00f3mo las redes sociales y la tecnolog\u00eda digital pueden volverse trampas de conspiraci\u00f3n e intereses tendenciosos durante los conflictos.<\/em> <em>NetOne comparte la creencia de Dialop de que el di\u00e1logo es la mejor manera de lograr un cambio real.<\/em><\/p>\n<p><strong>Fonte<\/strong>: www.focolare.org<\/p>\n<p><strong>El viaje<\/strong><\/p>\n<p>El cristianismo y el socialismo \u2013dos movimientos con caracter\u00edsticas muy diferentes\u2013 han estado peleados por mucho tiempo entre ellos, pero de todos modos ambos tambi\u00e9n han plasmado la historia del mundo en los siglos pasados.\u00a0 Bas\u00e1ndose en la idea de que solos no podemos resolver los mayores retos del mundo de hoy, \u00a0<strong>DIALOP<\/strong> promueve el di\u00e1logo entre personas de buena voluntad, con una formaci\u00f3n laica o religiosa, especialmente entre socialistas\/marxistas y cristianos, para crear una \u00e9tica transversal transformadora.<\/p>\n<p>Haber tra\u00eddo a DIALOP a la Jornada Mundial de la Juventud forma parte del <strong>\u00abProyecto DialogUE\u00bb<\/strong> que, en colaboraci\u00f3n con la Comunidad Europea e involucrando a 14 organizaciones de la sociedad civil, explora y desarrolla el di\u00e1logo, a menudo muy demandante, entre grupos distintos, para dar forma a una Europa que sea cada vez m\u00e1s expresi\u00f3n de esa \u201cunidad en la multiplicidad\u201d.<\/p>\n<p>La preparaci\u00f3n, que ha interpelado a expertos tanto cristianos como marxistas-socialistas, empez\u00f3 6 meses antes del evento. Ha sido un recorrido comprometido y exigente en direcci\u00f3n de la JMJ.\u00a0 Los retos han sido muchos, como el de encontrar una manera din\u00e1mica de poner en di\u00e1logo contenidos densos como el conflicto y la comunicaci\u00f3n, con idiomas, pa\u00edses y proveniencias distintas.\u00a0 \u201cEs la emoci\u00f3n de encontrarse frente a una generaci\u00f3n hambrienta de verdad y esperanza tranquilizante, razonada y clara y de poder ofrecerles algo de ello\u201d, cuenta Luisa Sello, una de las coordinadoras del proyecto.<\/p>\n<p><strong>J\u00f3venes en di\u00e1logo<\/strong><\/p>\n<p><img decoding=\"async\" class=\"alignnone size-medium wp-image-6698\" src=\"http:\/\/www.net-one.org\/wp-content\/uploads\/2023\/08\/photo1691071721-4-600x450-1-300x225.jpeg\" alt=\"\" width=\"300\" height=\"225\" srcset=\"https:\/\/www.net-one.org\/wp-content\/uploads\/2023\/08\/photo1691071721-4-600x450-1-300x225.jpeg 300w, https:\/\/www.net-one.org\/wp-content\/uploads\/2023\/08\/photo1691071721-4-600x450-1.jpeg 600w\" sizes=\"(max-width: 300px) 100vw, 300px\" \/><\/p>\n<p>La guerra y su potencial destructivo influyen en la estructura de la comunicaci\u00f3n, transforman la percepci\u00f3n de los hechos e instrumentalizan el lenguaje y la mentalidad.\u00a0 En este contexto, las redes sociales y la tecnolog\u00eda digital pueden volverse trampas para caer en conspiraciones e intereses tendenciosos. \u00bfPodemos acercarnos a la verdad? \u00bfPodemos reaccionar o estamos condenados a destruir relaciones con seres humanos, pa\u00edses, poblaciones a causa de las mentiras y la desinformaci\u00f3n? \u00bfC\u00f3mo podemos seguir haciendo opciones, construir relaciones y estar del lado de la verdad y la justicia?<\/p>\n<p>Los talleres han afrontado todos estos retos y ha impulsado a los j\u00f3venes a construir propuestas para la Uni\u00f3n Europea, que se recoger\u00e1n y se presentar\u00e1n a la Uni\u00f3n Europea en el \u00e1mbito del proyecto de financiaci\u00f3n de la Comisi\u00f3n europea CERV (<em>Citizens, Equality, Rights and Values Programme<\/em> \u2013 Programa de Ciudadanos, Paridad, Derechos y Valores) en marzo de 2024. \u00a0Tras los paneles y las discusiones din\u00e1micas, la pregunta \u201c\u00bfqu\u00e9 podemos hacer?\u201d reson\u00f3 entre los j\u00f3venes. El deseo de formar parte de una transformaci\u00f3n como <em>changemakers<\/em>(agentes de cambio) est\u00e1 en el coraz\u00f3n de todo joven presente.<\/p>\n<p>Steven, de los Estados Unidos, que quiere ser sacerdote y viajar m\u00e1s all\u00e1 del oc\u00e9ano para ayudar a la gente, comparti\u00f3 su perplejidad: \u00abNi siquiera consigo decirles a mis padres que dejen de leer fuentes de informaci\u00f3n que son problem\u00e1ticas.\u00a0 Cuando Jes\u00fas volvi\u00f3 a Nazaret fue rechazado por su familia. Muchos han perdido la esperanza. \u00bfD\u00f3nde podemos volver a encontrar la esperanza?\u00a0 Por eso estamos aqu\u00ed en la JMJ\u00bb.<\/p>\n<p>Adriana, una estudiante de periodismo argentina, se sinti\u00f3 alentada a seguir adelante tras\u00a0 haber participado del taller. \u201cNuestro rol de j\u00f3venes es muy importante para combatir la desinformaci\u00f3n y puede hacerse incluso de una manera divertida. Si creamos una comunidad podemos ser m\u00e1s fuertes\u201d.<\/p>\n<p><img decoding=\"async\" class=\"alignnone size-medium wp-image-6683\" src=\"http:\/\/www.net-one.org\/wp-content\/uploads\/2023\/08\/photo1691071721-2-453x340-1-300x225.jpeg\" alt=\"\" width=\"300\" height=\"225\" srcset=\"https:\/\/www.net-one.org\/wp-content\/uploads\/2023\/08\/photo1691071721-2-453x340-1-300x225.jpeg 300w, https:\/\/www.net-one.org\/wp-content\/uploads\/2023\/08\/photo1691071721-2-453x340-1.jpeg 453w\" sizes=\"(max-width: 300px) 100vw, 300px\" \/><\/p>\n<p><strong>Hacia una \u00e9tica transversal<\/strong><\/p>\n<p>El curso de la historia no depende s\u00f3lo de la fuerza de las ideas, sino tambi\u00e9n sobre todo de la evoluci\u00f3n de los intereses pol\u00edticos y econ\u00f3micos que integran m\u00e1s de una vez s\u00f3lo p\u00e1lidos reflejos de estas ideas. El llamado del Papa Francisco en 2014, que inspir\u00f3 a <strong>DIALOP<\/strong> para iniciar un di\u00e1logo transversal sigue desarroll\u00e1ndose.<\/p>\n<p>A la pregunta de un joven acerca de c\u00f3mo crear un cuadro \u00e9tico com\u00fan en presencia de tantas divisiones, Walter Baier, presidente del Partido de la Izquierda Europea, respondi\u00f3: \u201cEl Papa Francisco dijo que tenemos que aceptar el conflicto como algo natural, lo que tenemos que saber es qu\u00e9 hacer con el conflicto.\u00a0 El hecho de que cristianos y marxistas provenientes de tradiciones muy diferentes, incluso con idiomas muy diferentes, puedan sentarse juntos y trabajar en pos de un cuadro com\u00fan es un ejemplo de di\u00e1logo.\u201d<\/p>\n<p>Intervinieron tambi\u00e9n Angelina Giannopoulou, de <em>transform!europe<\/em>\u00a0 y Jos\u00e9 Manuel Pureza de <em>Bloco de Esquerda<\/em>, adem\u00e1s de Michele Zanzucchi y Ana Clara Giovani de la Universidad de Sophia y Maria Chiara de Lorenzo del Movimiento de los Focolares. En un futuro, en el \u00e1mbito del proyecto <em>DialogUE<\/em>, DIALOP organizar\u00e1 simposios sobre ecolog\u00eda y pol\u00edticas sociales.\u00a0 Para mayores informaciones, entrar a <a href=\"https:\/\/dialop.eu\/\"><strong>https:\/\/dialop.eu.<\/strong><\/a><\/p>\n<p><em>Ana Clara Giovani<\/em><\/p>\n","protected":false},"excerpt":{"rendered":"<p>21.08.2023 En la JMJ un di\u00e1logo transversal para una \u00e9tica com\u00fan Durante la Jornada Mundial de la Juventud 2023 de Portugal, el viaje de DIALOP da un ulterior paso adelante. De 20 pa\u00edses, 134 j\u00f3venes participaron en \u201cLa comunicaci\u00f3n en tiempos de guerra\u201d promovido por DIALOP durante la JMJ para discutir acerca de c\u00f3mo las [&hellip;]<\/p>\n","protected":false},"author":1,"featured_media":6796,"comment_status":"open","ping_status":"open","sticky":false,"template":"","format":"standard","meta":{"footnotes":""},"categories":[],"tags":[],"class_list":["post-6718","post","type-post","status-publish","format-standard","has-post-thumbnail","hentry","entry","has-media"],"aioseo_notices":[],"_links":{"self":[{"href":"https:\/\/www.net-one.org\/es\/wp-json\/wp\/v2\/posts\/6718","targetHints":{"allow":["GET"]}}],"collection":[{"href":"https:\/\/www.net-one.org\/es\/wp-json\/wp\/v2\/posts"}],"about":[{"href":"https:\/\/www.net-one.org\/es\/wp-json\/wp\/v2\/types\/post"}],"author":[{"embeddable":true,"href":"https:\/\/www.net-one.org\/es\/wp-json\/wp\/v2\/users\/1"}],"replies":[{"embeddable":true,"href":"https:\/\/www.net-one.org\/es\/wp-json\/wp\/v2\/comments?post=6718"}],"version-history":[{"count":0,"href":"https:\/\/www.net-one.org\/es\/wp-json\/wp\/v2\/posts\/6718\/revisions"}],"wp:featuredmedia":[{"embeddable":true,"href":"https:\/\/www.net-one.org\/es\/wp-json\/wp\/v2\/media\/6796"}],"wp:attachment":[{"href":"https:\/\/www.net-one.org\/es\/wp-json\/wp\/v2\/media?parent=6718"}],"wp:term":[{"taxonomy":"category","embeddable":true,"href":"https:\/\/www.net-one.org\/es\/wp-json\/wp\/v2\/categories?post=6718"},{"taxonomy":"post_tag","embeddable":true,"href":"https:\/\/www.net-one.org\/es\/wp-json\/wp\/v2\/tags?post=6718"}],"curies":[{"name":"wp","href":"https:\/\/api.w.org\/{rel}","templated":true}]}}