{"id":6901,"date":"2023-09-26T17:29:38","date_gmt":"2023-09-26T15:29:38","guid":{"rendered":"https:\/\/www.net-one.org\/presentacion-del-libro-solo-por-mi-nombre-de-cinthia-vega\/"},"modified":"2023-09-26T17:29:38","modified_gmt":"2023-09-26T15:29:38","slug":"presentacion-del-libro-solo-por-mi-nombre-de-cinthia-vega","status":"publish","type":"post","link":"https:\/\/www.net-one.org\/es\/presentacion-del-libro-solo-por-mi-nombre-de-cinthia-vega\/","title":{"rendered":"Presentacion del Libro: \u00abSolo por mi nombre\u00bb de Cinthia Vega"},"content":{"rendered":"<p><img fetchpriority=\"high\" decoding=\"async\" class=\"size-medium wp-image-6889 alignnone\" src=\"http:\/\/www.net-one.org\/wp-content\/uploads\/2023\/09\/Foto-libro-21-2-300x225.webp\" alt=\"\" width=\"300\" height=\"225\" srcset=\"https:\/\/www.net-one.org\/wp-content\/uploads\/2023\/09\/Foto-libro-21-2-300x225.webp 300w, https:\/\/www.net-one.org\/wp-content\/uploads\/2023\/09\/Foto-libro-21-2-768x576.webp 768w, https:\/\/www.net-one.org\/wp-content\/uploads\/2023\/09\/Foto-libro-21-2.webp 1024w\" sizes=\"(max-width: 300px) 100vw, 300px\" \/><\/p>\n<p>26.09.2023<\/p>\n<p>Compartimos con alegr\u00eda, una noticia que llega desde Argentina, de una de las periodistas participantes de la red NetOne conosur. la presentaci\u00f3n del libro: \u00abSolo por mi nombre\u00bb de Cinthia Vega. La misma tuvo lugar el viernes 15 de septiembre en la ciudad de Resistencia. La actividad se organiz\u00f3 a trav\u00e9s de la Oficina para Escritores de la ciudad y estuvo a cargo de Marina Nill, novelista y comunicadora social y de Avelino Sainar Nu\u00f1ez, escritor, presidente de la Sociedad Argentina de Escritores de la provincia de Corrientes y responsable de Editorial D, sello que public\u00f3 la obra. NetOne posibilit\u00f3 la transmisi\u00f3n streaming de la presentaci\u00f3n: https:\/\/www.youtube.com\/watch?v=Ax99Z5kGw1A<\/p>\n<p>Solo por mi nombre<br \/>\nEste libro es la historia de vida de Cinthia y una documentaci\u00f3n del trabajo social que viene realizando desde hace m\u00e1s de veinte a\u00f1os. Desde su infancia en Villa \u00c1ngela, el drama de su problema de salud que culmin\u00f3 en ceguera, el desaf\u00edo de adaptarse en una \u00e9poca sin grandes soportes tecnol\u00f3gicos, para lograr sus metas a pesar de todo, hasta convertirse en un referente de otras personas ciegas y disminuidas visuales y en un pilar de nuestra comunidad. Solo por mi nombre es un testimonio de vida y de una \u00e9poca, que valen la pena conocer.<br \/>\n<img decoding=\"async\" class=\"size-medium wp-image-6894 alignleft\" src=\"http:\/\/www.net-one.org\/wp-content\/uploads\/2023\/09\/Foto-libro-32-1-300x169.webp\" alt=\"\" width=\"300\" height=\"169\" srcset=\"https:\/\/www.net-one.org\/wp-content\/uploads\/2023\/09\/Foto-libro-32-1-300x169.webp 300w, https:\/\/www.net-one.org\/wp-content\/uploads\/2023\/09\/Foto-libro-32-1-1024x576.webp 1024w, https:\/\/www.net-one.org\/wp-content\/uploads\/2023\/09\/Foto-libro-32-1-768x432.webp 768w, https:\/\/www.net-one.org\/wp-content\/uploads\/2023\/09\/Foto-libro-32-1.webp 1280w\" sizes=\"(max-width: 300px) 100vw, 300px\" \/><\/p>\n<p>Sin embargo, lejos de dejarse vencer por las circunstancias y con el apoyo de su familia, no s\u00f3lo se prepar\u00f3 para desenvolverse normalmente, sino que adem\u00e1s se convirti\u00f3 en inspiraci\u00f3n y motor de muchos que tienen las mismas limitaciones visuales  Junto con su familia cre\u00f3 la editora  braille Tifloluz, que imprime material para las bibliotecas y alumnos de la provincia. Tambi\u00e9n se desempe\u00f1\u00f3 como productora y conductora radial con dos programas: Hablemos en positivo e IGUALES en Derecho y Dignidad, desde los cuales contribuye a una sociedad m\u00e1s justa y participativa. Paralelamente, traz\u00f3 un camino para la autonom\u00eda de las personas ciegas al ser la primera en el nordeste argentino en desenvolverse con la ayuda de su perra gu\u00eda Shaky. <\/p>\n<p>Numerosas instituciones acompa\u00f1aron esta propuesta: Biblioteca Leopoldo Herrera, en la persona de su directora: M\u00f3nica Delgado, el Instituto chaque\u00f1o de cultura inglesa. Instituto de formaci\u00f3n docente Dardo Rocha, Liga de Madres de familia de la Arquidi\u00f3cesis representada por su  presidenta Silvia Normiela. Tambien acompa\u00f1o la presentaci\u00f3n la directora de Radio universidad UTN-Carolina Orcola, donde Cinthia tiene su programa semanal junto a miembros de nuestra red en la ciudad y derepresentantes del Movimiento de los focolares.<\/p>\n<p>Fotos \/ Gentileza Cinthia Vega, la autora. <\/p>\n","protected":false},"excerpt":{"rendered":"<p>26.09.2023 Compartimos con alegr\u00eda, una noticia que llega desde Argentina, de una de las periodistas participantes de la red NetOne conosur. la presentaci\u00f3n del libro: \u00abSolo por mi nombre\u00bb de Cinthia Vega. La misma tuvo lugar el viernes 15 de septiembre en la ciudad de Resistencia. La actividad se organiz\u00f3 a trav\u00e9s de la Oficina [&hellip;]<\/p>\n","protected":false},"author":1,"featured_media":6871,"comment_status":"open","ping_status":"open","sticky":false,"template":"","format":"standard","meta":{"footnotes":""},"categories":[],"tags":[],"class_list":["post-6901","post","type-post","status-publish","format-standard","has-post-thumbnail","hentry","entry","has-media"],"aioseo_notices":[],"_links":{"self":[{"href":"https:\/\/www.net-one.org\/es\/wp-json\/wp\/v2\/posts\/6901","targetHints":{"allow":["GET"]}}],"collection":[{"href":"https:\/\/www.net-one.org\/es\/wp-json\/wp\/v2\/posts"}],"about":[{"href":"https:\/\/www.net-one.org\/es\/wp-json\/wp\/v2\/types\/post"}],"author":[{"embeddable":true,"href":"https:\/\/www.net-one.org\/es\/wp-json\/wp\/v2\/users\/1"}],"replies":[{"embeddable":true,"href":"https:\/\/www.net-one.org\/es\/wp-json\/wp\/v2\/comments?post=6901"}],"version-history":[{"count":0,"href":"https:\/\/www.net-one.org\/es\/wp-json\/wp\/v2\/posts\/6901\/revisions"}],"wp:featuredmedia":[{"embeddable":true,"href":"https:\/\/www.net-one.org\/es\/wp-json\/wp\/v2\/media\/6871"}],"wp:attachment":[{"href":"https:\/\/www.net-one.org\/es\/wp-json\/wp\/v2\/media?parent=6901"}],"wp:term":[{"taxonomy":"category","embeddable":true,"href":"https:\/\/www.net-one.org\/es\/wp-json\/wp\/v2\/categories?post=6901"},{"taxonomy":"post_tag","embeddable":true,"href":"https:\/\/www.net-one.org\/es\/wp-json\/wp\/v2\/tags?post=6901"}],"curies":[{"name":"wp","href":"https:\/\/api.w.org\/{rel}","templated":true}]}}