{"id":7415,"date":"2024-06-24T00:32:46","date_gmt":"2024-06-23T22:32:46","guid":{"rendered":"https:\/\/www.net-one.org\/la-luz-en-la-granja-roberto-moliterni-saverio-dercole\/"},"modified":"2024-08-30T19:11:06","modified_gmt":"2024-08-30T17:11:06","slug":"la-luz-en-la-granja-roberto-moliterni-saverio-dercole","status":"publish","type":"post","link":"https:\/\/www.net-one.org\/es\/la-luz-en-la-granja-roberto-moliterni-saverio-dercole\/","title":{"rendered":"La luz en la granja-Roberto Moliterni, Saverio D&#8217;Ercole"},"content":{"rendered":"<p><img fetchpriority=\"high\" decoding=\"async\" class=\"size-medium wp-image-7403 alignleft\" src=\"https:\/\/www.net-one.org\/wp-content\/uploads\/2024\/06\/saverio-e1719181889401-300x300.jpg\" alt=\"\" width=\"300\" height=\"300\" \/><br \/>\nCompartimos la noticia de la presentaci\u00f3n de este libro basado en la historia del telefilme estrenado el domingo 7 de enero en prime time en Rai 1 &#8211; una producci\u00f3n de \u00c8liseo Entertainment. Saverio D&#8217;Ercole uno de los autores es miembro de nuestra red.<\/p>\n<p>Matera, a principios de los a\u00f1os sesenta, camina en un equilibrio inestable entre dos mundos, el del pasado, ligado a la tierra, que resiste id\u00e9ntica desde hace d\u00e9cadas, y el del futuro, el de una Italia mucho m\u00e1s grande y lejana, que llega al interior de los hogares, gracias al soplo de un viento nuevo perfumado con el aroma de un milagro: la televisi\u00f3n. Los Rondinone son agricultores desde hace generaciones, y su vida siempre ha girado en torno a la granja familiar. Mientras Pinuccio, el peque\u00f1o de la casa, descubre la caja m\u00e1gica de la televisi\u00f3n, que comienza a difundirse incluso en ese pueblo del sur aislado del resto del pa\u00eds, donde el tiempo parece detenerse, el progreso y la adversidad vienen en cambio a trastornar la vida de la familia.<\/p>\n<p>Son los ojos de Pinuccio los que nos hablan del desconcierto del abuelo Eustachio ante el futuro que se avecina, de los sacrificios de su madre, de las aspiraciones de su hermana y de las tentaciones de sus t\u00edos de ir a trabajar a una f\u00e1brica o emigrar, as\u00ed como del deseo de sus primos de permanecer todos unidos en la mas\u00eda. Y, sobre todo, el sue\u00f1o de Imma de un amor puro y las esperanzas de Vincenzo, su t\u00edo preferido, obligado antes que nadie a comprender que la \u00fanica manera de no cambiar es aceptar hacerlo. Ser\u00e1 gracias a \u00e9l y a la pasi\u00f3n de Pinuccio por la televisi\u00f3n que la familia Rondinone encontrar\u00e1 un nuevo equilibrio.<\/p>\n<p>La historia que inspir\u00f3 la pel\u00edcula hom\u00f3nima para celebrar el septuag\u00e9simo aniversario del nacimiento de la RAI no es s\u00f3lo un relato sobre el poder salvador del afecto, sino tambi\u00e9n una inmersi\u00f3n en esos a\u00f1os en blanco y negro que ti\u00f1en nuestra memoria.<\/p>\n<p>Roberto Moliterni naci\u00f3 en 1984 y creci\u00f3 en Matera. Ha publicado una docena de ensayos y novelas. Entre ellas, Arrivederci a Berlino Est (Rai Eri, 2015), La casa di cartone (Quodlibet, 2018) y La diva (HarperCollins, 2022). Como guionista, ha escrito documentales y pel\u00edculas de ficci\u00f3n. Ha sido columnista de \u00abDonna Moderna\u00bb, \u00abPaese Sera\u00bb e \u00abIl Quotidiano del Sud\u00bb, y sigue escribiendo cuentos para \u00abConfidenze\u00bb. En 2014, junto con dos amigos, cre\u00f3 los primeros naipes de Matera.<\/p>\n<p>Saverio D&#8217;Ercole naci\u00f3 en Matera en 1965. Productor creativo y autor, trabaj\u00f3 para Lux Vide durante catorce a\u00f1os, colaborando en telefilmes, miniseries y series para el prime time de Rai 1 y Canale 5. Desde 2010 es responsable de ficci\u00f3n en \u00c8liseo Entertainment, con la que ha firmado Adriano Olivetti, La strada di casa, Io sono Mia, BlackOut, entre otras. Tambi\u00e9n ha sido profesor en la Universidad Cat\u00f3lica del Sagrado Coraz\u00f3n de Mil\u00e1n, en el marco del M\u00e1ster en Escritura y Producci\u00f3n para ficci\u00f3n y cine.<\/p>\n<p>Trailler: <a href=\"https:\/\/www.youtube.com\/watch?v=bgvlOpd0n-M&amp;ab_channel=MovieDigger\">https:\/\/www.youtube.com\/watch?v=bgvlOpd0n-M&amp;ab_channel=MovieDigger<\/a><\/p>\n<p>Fonte: <a href=\"https:\/\/www.mondadori.it\/libri\/la-luce-nella-masseria-roberto-moliterni-saverio-dercole\/\">https:\/\/www.mondadori.it\/libri\/la-luce-nella-masseria-roberto-moliterni-saverio-dercole\/<\/a><\/p>\n","protected":false},"excerpt":{"rendered":"<p>Compartimos la noticia de la presentaci\u00f3n de este libro basado en la historia del telefilme estrenado el domingo 7 de enero en prime time en Rai 1 &#8211; una producci\u00f3n de \u00c8liseo Entertainment. Saverio D&#8217;Ercole uno de los autores es miembro de nuestra red. Matera, a principios de los a\u00f1os sesenta, camina en un equilibrio [&hellip;]<\/p>\n","protected":false},"author":1,"featured_media":7407,"comment_status":"open","ping_status":"open","sticky":false,"template":"","format":"standard","meta":{"footnotes":""},"categories":[],"tags":[],"class_list":["post-7415","post","type-post","status-publish","format-standard","has-post-thumbnail","hentry","entry","has-media"],"aioseo_notices":[],"_links":{"self":[{"href":"https:\/\/www.net-one.org\/es\/wp-json\/wp\/v2\/posts\/7415","targetHints":{"allow":["GET"]}}],"collection":[{"href":"https:\/\/www.net-one.org\/es\/wp-json\/wp\/v2\/posts"}],"about":[{"href":"https:\/\/www.net-one.org\/es\/wp-json\/wp\/v2\/types\/post"}],"author":[{"embeddable":true,"href":"https:\/\/www.net-one.org\/es\/wp-json\/wp\/v2\/users\/1"}],"replies":[{"embeddable":true,"href":"https:\/\/www.net-one.org\/es\/wp-json\/wp\/v2\/comments?post=7415"}],"version-history":[{"count":5,"href":"https:\/\/www.net-one.org\/es\/wp-json\/wp\/v2\/posts\/7415\/revisions"}],"predecessor-version":[{"id":7582,"href":"https:\/\/www.net-one.org\/es\/wp-json\/wp\/v2\/posts\/7415\/revisions\/7582"}],"wp:featuredmedia":[{"embeddable":true,"href":"https:\/\/www.net-one.org\/es\/wp-json\/wp\/v2\/media\/7407"}],"wp:attachment":[{"href":"https:\/\/www.net-one.org\/es\/wp-json\/wp\/v2\/media?parent=7415"}],"wp:term":[{"taxonomy":"category","embeddable":true,"href":"https:\/\/www.net-one.org\/es\/wp-json\/wp\/v2\/categories?post=7415"},{"taxonomy":"post_tag","embeddable":true,"href":"https:\/\/www.net-one.org\/es\/wp-json\/wp\/v2\/tags?post=7415"}],"curies":[{"name":"wp","href":"https:\/\/api.w.org\/{rel}","templated":true}]}}