{"id":7958,"date":"2025-02-14T22:27:06","date_gmt":"2025-02-14T21:27:06","guid":{"rendered":"https:\/\/www.net-one.org\/comunicar-durante-el-sinodo-y-el-jubileo\/"},"modified":"2025-04-08T17:38:48","modified_gmt":"2025-04-08T15:38:48","slug":"comunicar-durante-el-sinodo-y-el-jubileo","status":"publish","type":"post","link":"https:\/\/www.net-one.org\/es\/comunicar-durante-el-sinodo-y-el-jubileo\/","title":{"rendered":"Comunicar durante el S\u00ednodo y el Jubileo"},"content":{"rendered":"<div id=\"main-container\" class=\"container\">\n<p><img decoding=\"async\" class=\"wp-image-7947 alignleft\" src=\"https:\/\/www.net-one.org\/wp-content\/uploads\/2025\/02\/ComSinod-1-150x150.png\" alt=\"\" width=\"204\" height=\"204\" \/><\/p>\n<div class=\"content__inner content__inner--hasSidebar\">\n<article class=\"article \">\n<div class=\"article__subTitle\">Cada historia de bondad, que surge en un mundo cada vez m\u00e1s polarizado, est\u00e1 en el centro del seminario web \u00abComunicar para construir comunidad\u00bb. Gisotti subraya la importancia de buscar la verdad, actuar con honestidad y asumir responsabilidades. Daniels se refiere a los espacios digitales como la nueva \u00abp\u00e1gina de misi\u00f3n\u00bb de la Iglesia. Tossani recuerda que las palabras no deben considerarse \u00abarmas\u00bb.Fuente: Edoardo Giribaldi (Vatican News-Ciudad del Vaticano).Las historias de esperanza y sinodalidad deben compartirse en los inviernos del mundo con confianza, porque \u00aben el momento oportuno, la flor brotar\u00e1\u00bb. Cada capullo tiene su propia dignidad en un jard\u00edn en el que abundan las historias sobre la Iglesia. En un mundo marcado por \u00abpolaridades crecientes\u00bb y una \u00abp\u00e9rdida de confianza\u00bb en las instituciones, la Iglesia se abri\u00f3 a una \u00abescucha aut\u00e9ntica\u00bb en la \u00faltima asamblea de obispos. A veces, incluso se sinti\u00f3 \u00abherida\u00bb por el peso de ciertas palabras que, cuando no se utilizan como \u00abarmas\u00bb, abren el camino a intercambios de \u00abesperanza y vida\u00bb que el mundo de hoy necesita m\u00e1s que nunca. En este contexto, el 12 de febrero se celebr\u00f3 el seminario web ComunicAzione per costruire comunit\u00e0 (Comunicar para construir comunidad), organizado por NetOne en colaboraci\u00f3n con la Secretar\u00eda General del S\u00ednodo de los Obispos y el Dicasterio para la Comunicaci\u00f3n. En \u00e9l participaron, entre otros, Alessandro Gisotti, subdirector editorial de los medios de comunicaci\u00f3n vaticanos; K; el Dicasterio para el Servicio del Desarrollo Humano Integral; Vatican Media; el Camino Sinodal de la Iglesia en Italia; TV2000 e InBlu2000; SIR; el Instituto Universitario Sophia; la Asociaci\u00f3n de Webcat\u00f3licos Italianos (Weca); el Grupo Editorial Citt\u00e0 Nuova y la Universidad Pontificia de la Santa Cruz. En el evento, que fue una continuaci\u00f3n del celebrado el 7 de marzo de 2024 con el t\u00edtulo \u00bfQu\u00e9 comunicaci\u00f3n para la sinodalidad?, y que suscit\u00f3 un gran inter\u00e9s, participaron, entre otros, Alessandro Gisotti, subdirector editorial de los medios de comunicaci\u00f3n vaticanos; Kim Daniels, miembro del Dicasterio para la Comunicaci\u00f3n, coordinadora del grupo de estudio sobre\u00a0: La misi\u00f3n en el ambiente digitale del Sinodo sobre la Sinodalidad y profesora de la Universidad de Georgetown en Washington D.C.; y Erica Tossani, miembro de la Presidencia de la Primera Asamblea Sinodal de la Iglesia de Italia. Las distintas ponencias fueron moderadas por Sara Fornaro, jefa de redaci\u00f3n del sitio web Citt\u00e0 Nuova, y Enrico Selleri, presentador de TV2000.<\/p>\n<p><strong>\u00abToda historia es grande y merece ser contada\u00bb<\/strong><\/p>\n<p>\u00abComunicaci\u00f3n, acci\u00f3n y comunidad\u00bb son los tres t\u00e9rminos elegidos por Gisotti, inspir\u00e1ndose en el t\u00edtulo del webinar, para centrar su intervenci\u00f3n en una difusi\u00f3n que une la esperanza jubilar con la sinodalidad, valor cardinal de la reciente Asamblea de los Obispos: \u00abPonerse en camino\u00bb, acompa\u00f1ando \u00aba los que vendr\u00e1n\u00bb. Pero, \u00bfc\u00f3mo? Gisotti record\u00f3 las palabras de Giorgio Gaber, \u00abla libertad es participaci\u00f3n\u00bb, y dese\u00f3 una comunicaci\u00f3n que supiera \u00abgastar las suelas de los zapatos\u00bb estando cerca sobre todo de esas \u00abperiferias existenciales\u00bb tan queridas por el Papa Francisco. La libertad, con demasiada frecuencia negada a los profesionales de la comunicaci\u00f3n -hoy en d\u00eda hay m\u00e1s de 500 periodistas encarcelados-, estuvo idealmente representada por la periodista filipina Maria Ressa durante el reciente Jubileo de la Comunicaci\u00f3n. La forma de informar ha evolucionado, subray\u00f3 Gisotti, y seguir\u00e1 evolucionando, \u00abpero los valores que deben guiar la informaci\u00f3n permanecen inalterados: la b\u00fasqueda de la verdad, la integridad y la responsabilidad\u00bb. Estos valores se expresan a trav\u00e9s de una de las \u00abgrandes oportunidades\u00bb de \u00abcomunicar esperanza\u00bb.\u00a0 Las historias son semillas plantadas en los inviernos del mundo, con la convicci\u00f3n de que \u00abcuando llegue el momento oportuno, florecer\u00e1 la flor\u00bb. Lo dijo el propio Papa Francisco en febrero de 2019, a su regreso de Abu Dabi, tras firmar el Documento sobre la Fraternidad Humana. \u00abUn acontecimiento hist\u00f3rico\u00bb, dijo Gisotti, entonces portavoz de la Santa Sede, antes de la habitual rueda de prensa en el avi\u00f3n. \u00abCada viaje es significativo\u00bb, a\u00f1adi\u00f3 Francisco, \u00abcada historia es importante y merece ser escuchada, y aunque sea dif\u00edcil, si la dignidad se esconde, siempre puede resurgir\u00bb.<\/p>\n<p><strong>\u00abUna Iglesia verdaderamente sinodal en la era digital\u00bb.<\/strong><\/p>\n<p>A partir de su experiencia como coordinadora del grupo de estudio sinodal sobre la misi\u00f3n de la Iglesia en los espacios digitales, la Sra. Daniels reflexion\u00f3 sobre la historia de la Iglesia y la narrativa que debe compartir con el mundo.<\/p>\n<p>\u00abLa instituci\u00f3n m\u00e1s antigua del mundo, a menudo percibida como anclada en el pasado\u00bb, se ha embarcado en un \u00abproceso de escucha global\u00bb para comprender su misi\u00f3n en la actualidad.<\/p>\n<p>Daniels analiz\u00f3 el contexto estadounidense, herido por la \u00abcreciente polarizaci\u00f3n\u00bb, una realidad compartida por muchas sociedades que ha llevado a la p\u00e9rdida de confianza en las instituciones, incluida la Iglesia.<\/p>\n<p>A pesar de ello, las divisiones y el individualismo no prevalecieron en la Asamblea Sinodal, donde toda la comunidad eclesial busc\u00f3 formas de \u00abcaminar juntos a pesar de las diferencias\u00bb.<\/p>\n<p>Entre los momentos clave del evento, la Sra. Daniels destac\u00f3 la mayor participaci\u00f3n de mujeres y laicos en la toma de decisiones de la Iglesia, una experiencia que el joven equipo que gestiona los medios sociales del S\u00ednodo document\u00f3 con entusiasmo.<\/p>\n<p>El S\u00ednodo reconoci\u00f3 los espacios digitales como una nueva \u00abp\u00e1gina misionera\u00bb, una oportunidad para implicar a las generaciones m\u00e1s j\u00f3venes, no \u00abatrap\u00e1ndolas\u00bb en espacios virtuales, sino gui\u00e1ndolas \u00abhacia aut\u00e9nticas relaciones humanas enraizadas en Cristo\u00bb.<\/p>\n<p>La visi\u00f3n, concluy\u00f3 Daniels, es la de una \u00abIglesia verdaderamente sinodal en la era digital\u00bb, capaz de \u00abescuchar, acompa\u00f1ar y ayudar a las personas a profundizar en su relaci\u00f3n con Dios y con los dem\u00e1s\u00bb.<\/p>\n<p>\u00abLa necesidad de palabras que inspiren esperanza y vida\u00bb.<\/p>\n<p>La reflexi\u00f3n de la Sra. Tossani se centr\u00f3 no solo en el \u00abc\u00f3mo\u00bb, sino tambi\u00e9n en el \u00abqu\u00e9\u00bb comunicar. Hizo hincapi\u00e9 en una postura abierta, alimentada por la escucha, de las \u00abhistorias\u00bb, sin la cual, seg\u00fan dijo, \u00abno puede existir una verdadera comunicaci\u00f3n\u00bb.<\/p>\n<p>Comprometerse con la realidad exige adaptar el lenguaje que se utiliza para narrarla. No se trata de un \u00abajuste estrat\u00e9gico\u00bb, sino de reconocer la experiencia humana como \u00abel espacio teol\u00f3gico por excelencia\u00bb.<\/p>\n<p><strong>La esperanza es una Iglesia que hable con \u00abel sabor de la vida\u00bb.<\/strong><\/p>\n<p>El proceso sinodal ha ayudado a la comunidad a adoptar un estilo de comunicaci\u00f3n alejado del estilo predominante de \u00abargumentaci\u00f3n de ida y vuelta\u00bb, en el que las afirmaciones pasan desapercibidas porque solo reciben r\u00e9plicas.<\/p>\n<p>En su lugar, la \u00abescucha aut\u00e9ntica\u00bb desaf\u00eda, inquieta y, a veces, incluso \u00abhiere\u00bb, pero lo hace de un modo que conduce a conversaciones m\u00e1s profundas y significativas con el tiempo.<\/p>\n<p>Rechazar esta visi\u00f3n, advirti\u00f3 la Sra. Tossani, convierte las palabras en \u00abarmas\u00bb, en un momento en que el papa Francisco nos insta a estar \u00abdesarmados: primero en el coraz\u00f3n, luego en nuestras palabras\u00bb.<\/p>\n<p>En lugar de debates ideol\u00f3gicos en los que \u00abcada uno habla solo para afirmar su propia idea\u00bb, debemos crear espacios de di\u00e1logo en los que no haya \u00abun vencedor sobre otro\u00bb, sino proyectos e ideas compartidas.<\/p>\n<p>Para el futuro y la vida cotidiana, estas aspiraciones requieren una verdadera \u00abeducaci\u00f3n de la escucha\u00bb, en un mundo \u00abque necesita desesperadamente palabras que inspiren esperanza y vida\u00bb.<\/p>\n<p><strong>Hay que superar la \u00abcultura del silencio\u00bb.<\/strong><\/p>\n<p>La actriz Stefania Bogo ley\u00f3 fragmentos de la \u00faltima enc\u00edclica del papa Francisco, Dilexit Nos, y de La atracci\u00f3n del mundo moderno, de Chiara Lubich, lo que proporcion\u00f3 un tel\u00f3n de fondo reflexivo al seminario web, que cont\u00f3 con una asistencia internacional.<\/p>\n<p>Desde Hungr\u00eda, el profesor P\u00e1l T\u00f3th, del Instituto Universitario Sophia, se\u00f1al\u00f3 que la Iglesia local sigue demasiado a menudo atada por una \u00abcultura del silencio\u00bb, en la que la gente calla \u00abpor miedo a perturbar una fr\u00e1gil armon\u00eda\u00bb.<\/p>\n<p>T\u00f3th abog\u00f3 por una comunicaci\u00f3n sinodal profundamente arraigada en la comunidad, abierta al encuentro y comprometida con las \u00abrelaciones activas\u00bb con los acontecimientos de la vida real, m\u00e1s all\u00e1 de las \u00abburbujas\u00bb sociales y las nuevas formas cerradas de agregaci\u00f3n social.<\/p>\n<p>Muriel Fleury y Beatrice Binaghi, del Dicasterio para la Promoci\u00f3n del Desarrollo Humano Integral, reflexionaron sobre el ritmo fren\u00e9tico de la informaci\u00f3n moderna y la necesidad de establecer conexiones duraderas entre las historias de quienes sufren y el resto del mundo.<\/p>\n<p>En este sentido, el evento record\u00f3 una reuni\u00f3n celebrada en Panam\u00e1, donde los obispos responsables de la pastoral migratoria transfronteriza se reunieron para coordinar sus esfuerzos tras a\u00f1os de trabajo independiente.<\/p>\n<p><strong>El espacio publicitario de Dios<\/strong><\/p>\n<p>Paolo Balduzzi, corresponsal del programa \u00ab\u00a0A sua\u00a0 immagene\u00a0\u00bb, calific\u00f3 la emisi\u00f3n de \u00absinodal\u00bb, y destac\u00f3 c\u00f3mo las historias que se cuentan surgen del di\u00e1logo compartido con toda la redacci\u00f3n y son fruto de \u00abdi\u00e1logos corales\u00bb. De hecho, cada entrevista se desarrolla a trav\u00e9s de una \u00abrelaci\u00f3n personal m\u00e1s estrecha\u00bb con el interlocutor. Balduzzi record\u00f3 con emoci\u00f3n y document\u00f3 un caso significativo: el de los padres de un joven monitor de esqu\u00ed de Sestriere, fallecido repentinamente a los 28 a\u00f1os, que intentaban continuar con su negocio. La historia de Mariella Matera, desde los WLSpaces hasta las nuevas plataformas, es la de una comunicadora fascinada por la idea de un mundo \u00absin fronteras\u00bb, posible gracias a la llegada de Internet. Desde 2019, es la protagonista de Alumera, un espacio de evangelizaci\u00f3n en redes sociales. \u00bfSu misi\u00f3n? \u00abLlevar la luz del Evangelio a la red\u00bb. En un mundo dominado por influencers, embajadores y comunidades, los cristianos pueden ser portadores de luz y convertirse ellos mismos en \u00abespacio publicitario de Dios en el mundo\u00bb. Ana Tano, responsable de comunicaci\u00f3n del Proyecto Mundo Unido-NetOne Argentina, habl\u00f3 finalmente de la experiencia del Genfest, el evento juvenil de los Focolares con el lema Together to Care. Entre intercambios culturales, arte y talleres, el objetivo era reconocer la comunicaci\u00f3n como herramienta para cuidar la vida propia, la de los dem\u00e1s y la del planeta. Un mensaje que subrayaba la diferencia entre estar simplemente \u00abconectados\u00bb y estar verdaderamente \u00abunidos\u00bb.<\/p>\n<\/div>\n<\/article>\n<\/div>\n<\/div>\n","protected":false},"excerpt":{"rendered":"<p>Cada historia de bondad, que surge en un mundo cada vez m\u00e1s polarizado, est\u00e1 en el centro del seminario web \u00abComunicar para construir comunidad\u00bb. Gisotti subraya la importancia de buscar la verdad, actuar con honestidad y asumir responsabilidades. Daniels se refiere a los espacios digitales como la nueva \u00abp\u00e1gina de misi\u00f3n\u00bb de la Iglesia. Tossani [&hellip;]<\/p>\n","protected":false},"author":1,"featured_media":7951,"comment_status":"open","ping_status":"open","sticky":false,"template":"","format":"standard","meta":{"footnotes":""},"categories":[],"tags":[],"class_list":["post-7958","post","type-post","status-publish","format-standard","has-post-thumbnail","hentry","entry","has-media"],"aioseo_notices":[],"_links":{"self":[{"href":"https:\/\/www.net-one.org\/es\/wp-json\/wp\/v2\/posts\/7958","targetHints":{"allow":["GET"]}}],"collection":[{"href":"https:\/\/www.net-one.org\/es\/wp-json\/wp\/v2\/posts"}],"about":[{"href":"https:\/\/www.net-one.org\/es\/wp-json\/wp\/v2\/types\/post"}],"author":[{"embeddable":true,"href":"https:\/\/www.net-one.org\/es\/wp-json\/wp\/v2\/users\/1"}],"replies":[{"embeddable":true,"href":"https:\/\/www.net-one.org\/es\/wp-json\/wp\/v2\/comments?post=7958"}],"version-history":[{"count":1,"href":"https:\/\/www.net-one.org\/es\/wp-json\/wp\/v2\/posts\/7958\/revisions"}],"predecessor-version":[{"id":7997,"href":"https:\/\/www.net-one.org\/es\/wp-json\/wp\/v2\/posts\/7958\/revisions\/7997"}],"wp:featuredmedia":[{"embeddable":true,"href":"https:\/\/www.net-one.org\/es\/wp-json\/wp\/v2\/media\/7951"}],"wp:attachment":[{"href":"https:\/\/www.net-one.org\/es\/wp-json\/wp\/v2\/media?parent=7958"}],"wp:term":[{"taxonomy":"category","embeddable":true,"href":"https:\/\/www.net-one.org\/es\/wp-json\/wp\/v2\/categories?post=7958"},{"taxonomy":"post_tag","embeddable":true,"href":"https:\/\/www.net-one.org\/es\/wp-json\/wp\/v2\/tags?post=7958"}],"curies":[{"name":"wp","href":"https:\/\/api.w.org\/{rel}","templated":true}]}}