{"id":7961,"date":"2025-01-15T17:37:24","date_gmt":"2025-01-15T16:37:24","guid":{"rendered":"https:\/\/www.net-one.org\/comunicadores-juntos-para-construir-comunidad\/"},"modified":"2025-01-30T17:37:24","modified_gmt":"2025-01-30T16:37:24","slug":"comunicadores-juntos-para-construir-comunidad","status":"publish","type":"post","link":"https:\/\/www.net-one.org\/es\/comunicadores-juntos-para-construir-comunidad\/","title":{"rendered":"Comunicadores juntos para construir comunidad"},"content":{"rendered":"<p>Con este significativo t\u00edtulo, &#8216;Citt\u00e1 Nuova&#8217;, la revista del Movimiento de los Focolares-Italia, que forma parte de nuestra red, defini\u00f3 el primer Jubileo de los Comunicadores que tuvo lugar en Roma, dentro del gran &#8216;Jubileo de la Esperanza&#8217; promovido por el Papa Francisco para 2025, seg\u00fan informa Sara Fornaro, jefa de redacci\u00f3n de la revista. A continuaci\u00f3n, ofrecemos la transcripci\u00f3n del art\u00edculo. En este contexto, recordamos tambi\u00e9n a Guglielmo Bosselli, ex redactor jefe de la revista Citt\u00e1 nuova-italiana, que es\u00a0 recordado por Oreste Paliotti. Compartimos estas l\u00edneas del final de esta publicaci\u00f3n, que pueden servir de modelo para los comunicadores que deseen trabajar por la fraternidad universal.<\/p>\n<p>En este camino se inscribe tambi\u00e9n el taller webinar titulado <strong>\u00abComunicar para construir comunidad\u00bb, que tendr\u00e1 lugar el mi\u00e9rcoles 12 de febrero a partir de las 18.00 horas en el canal de YouTube Synodal Communication network, promovido por nuestra red,<\/strong><\/p>\n<p>Comunicar para construir comunidad-29.01.25\/Sara Fornaro<\/p>\n<p>&nbsp;<\/p>\n<figure class=\"post-image post-image-full\"><img decoding=\"async\" src=\"https:\/\/www.cittanuova.it\/wp-content\/uploads\/2025\/01\/cameraman-3794634_640-720x0-c-default.jpg\" alt=\"\" \/><figcaption>Un cameraman trabajando, foto de Mircea Iancu de Pixabay\u00bbSer periodista es m\u00e1s que una profesi\u00f3n. Es una vocaci\u00f3n y una misi\u00f3n.\u00a0Ustedes, los comunicadores, tienen un papel fundamental en la sociedad actual: contar los hechos y la forma de contarlos.\u00a0El lenguaje, la actitud, el tono, pueden ser decisivos y marcar la diferencia entre una comunicaci\u00f3n que reaviva la esperanza, crea puentes, abre puertas, y una comunicaci\u00f3n que, en cambio, aumenta las divisiones, las polarizaciones, las simplificaciones de la realidad\u00bb. El discurso del Papa Francisco a los comunicadores con ocasi\u00f3n de su jubileo pone de relieve el poder que pueden tener los medios de comunicaci\u00f3n y las oportunidades que pueden derivarse, para toda la comunidad, del trabajo de quienes se dedican a la comunicaci\u00f3n.<\/p>\n<p>Una comunicaci\u00f3n que sea verdadera, atenta, que escuche, que se haga con el coraz\u00f3n y que desgaste las suelas de los zapatos.\u00a0Una comunicaci\u00f3n que busca construir la paz, que sabe abrirse a la esperanza y se\u00f1alar caminos de di\u00e1logo.\u00a0Una comunicaci\u00f3n que parte de los hechos y los cuenta con la verdad.\u00a0Que construye y no destruye.<\/p>\n<p>La de los comunicadores es una profesi\u00f3n individual que, sin embargo, puede encontrar su punto de inflexi\u00f3n en la palabra \u00abjuntos\u00bb, como subray\u00f3 la periodista Maria Ressa, Premio Nobel de la Paz, que convers\u00f3 con el Papa y otros testigos en el Aula Pablo VI durante el momento culminante del primer jubileo del A\u00f1o Santo proclamado por Francisco.<\/p>\n<p>&nbsp;<\/p>\n<p>&nbsp;<\/p>\n<p><strong>Para el Jubileo de los Comunicadores un recuerdo de Guglielmo Boselli-23.01.25\/Oreste Paliotti<\/strong><\/p>\n<p>&nbsp;<\/p>\n<p>El primer Jubileo del A\u00f1o Santo, dedicado a quienes trabajan en el mundo de la comunicaci\u00f3n, tendr\u00e1 lugar del 24 al 26. Una ocasi\u00f3n para recordar a Guglielmo Boselli, antiguo director de la revista Citt\u00e0 Nuova<\/p>\n<p>La cita jubilar del 24 al 26 de enero, dedicada al mundo de la comunicaci\u00f3n, coincide con la festividad de San Francisco de Sales, patrono de los periodistas.\u00a0Fue una ocasi\u00f3n preciosa para reflexionar sobre el papel de la informaci\u00f3n y animar a todos los que trabajan en este campo a perseguir un mensaje de verdad y esperanza. Es tambi\u00e9n una ocasi\u00f3n para recordar la figura de Guglielmo Boselli, focolarino que desde 1958 fue uno de los \u00abpioneros\u00bb de la revista Citt\u00e0 Nuova y despu\u00e9s tambi\u00e9n su director durante varias d\u00e9cadas.<\/p>\n<p>Por su sencillez de redacci\u00f3n, su atenci\u00f3n a la persona y su servicio a la verdad en la perspectiva de la fraternidad universal, Guglielmo (conocido familiarmente como Guglia) sigue siendo hoy una figura de referencia para quienes trabajan en el \u00e1mbito de los medios de comunicaci\u00f3n. Pero para quienes conocieron la llama que ard\u00eda en su coraz\u00f3n y trabajaron con \u00e9l durante a\u00f1os en torno a la mesa de la redacci\u00f3n de Citt\u00e0 Nuova, es tambi\u00e9n un ejemplo de c\u00f3mo una mirada evang\u00e9lica es capaz de elevar, purificar y redimir tantas realidades humanas.<\/p>\n<p>Entre los muchos papeles que se conservan de \u00e9l, en una especie de \u00abVadem\u00e9cum diario para quienes se preparan para recibir ma\u00f1ana nuevas responsabilidades en Citt\u00e0 Nuova\u00bb encontramos estas reveladoras notas sobre su vida interior:<\/p>\n<p><em>La paciencia es una gran virtud para construir con rapidez, aunque pueda parecer lo contrario. La prisa es un peligroso enemigo del trabajo verdaderamente fecundo &#8211; Evitar toda forma y expresi\u00f3n de &#8216;paternalismo&#8217;, real o aparente. Relaciones de verdadera fraternidad convencida: nunca resuene ni siquiera una actitud de aparente superioridad &#8211; Aceptar de buen grado las ideas de los dem\u00e1s, aunque no coincidan con las propias, sobre el planteamiento de la Nueva Ciudad.\u00a0La unidad de dise\u00f1o se construye en la pluralidad. Los pensamientos diferentes son un enriquecimiento, no un obst\u00e1culo &#8211; Aceptar de buen grado las cr\u00edticas a uno mismo. Son un regalo, no una ofensa.<\/em><br \/>\n<img fetchpriority=\"high\" decoding=\"async\" class=\" wp-image-264786 alignleft\" src=\"https:\/\/www.cittanuova.it\/wp-content\/uploads\/2023\/10\/Prima-di-Copertina-Guglielmo-Boselli.jpg\" sizes=\"(max-width: 398px) 100vw, 398px\" srcset=\"https:\/\/www.cittanuova.it\/wp-content\/uploads\/2023\/10\/Prima-di-Copertina-Guglielmo-Boselli.jpg 468w, https:\/\/www.cittanuova.it\/wp-content\/uploads\/2023\/10\/Prima-di-Copertina-Guglielmo-Boselli-195x300.jpg 195w\" alt=\"\" width=\"398\" height=\"612\" \/><\/p>\n<p>La fundadora de los Focolares, Chiara Lubich, cre\u00eda firmemente en la contribuci\u00f3n de los medios de comunicaci\u00f3n a un mundo m\u00e1s unido y en varios discursos p\u00fablicos ilustr\u00f3 el \u00abm\u00e1s\u00bb que el carisma de la unidad puede aportar tambi\u00e9n en este \u00e1mbito. Cuando, en junio de 2001, lanz\u00f3 la idea de una escuela de formaci\u00f3n peri\u00f3dica para los trabajadores de los medios de comunicaci\u00f3n, el propio Guglia, junto con una focolarina, recibi\u00f3 el encargo de llevar a cabo la aplicaci\u00f3n de la espiritualidad de los Focolares en este campo. El 21 de septiembre de ese a\u00f1o estuve presente en su primera y tambi\u00e9n \u00faltima intervenci\u00f3n -el 6 de noviembre falleci\u00f3 repentinamente- y, como todos los presentes, qued\u00e9 profundamente conmovido por la claridad cristalina de su exposici\u00f3n y la fuerte experiencia espiritual que se desprend\u00eda de ella. He aqu\u00ed un breve extracto:<\/p>\n<p><em>Si tenemos claro que somos objeto del amor de Dios, podremos hacer visible este amor incluso en el gran mosaico, a menudo tr\u00e1gico, de las derrotas de la sociedad humana, a medida que el \u00abproyecto\u00bb humano madura en ella. El gran descubrimiento del amor de Dios en los primeros tiempos [del Movimiento] ilumina toda la realidad: tanto la gran historia como la peque\u00f1a historia de cada individuo&#8230; As\u00ed podremos captar y comunicar las semillas de vida nueva sembradas precisamente all\u00ed donde las heridas y las desviaciones sociales son m\u00e1s graves&#8230; Para quienes trabajan en los medios de comunicaci\u00f3n, se trata de adquirir, por as\u00ed decirlo, el \u00abolfato\u00bb para el amor, para captarlo all\u00ed donde haya un rastro de \u00e9l.<\/em><\/p>\n<p>Este \u00abolfato\u00bb para el amor tiene para los actuales miembros de la redacci\u00f3n y quienes trabajan con ellos el sentido de una entrega.<\/p>\n<p>A este respecto, no podemos olvidar la advertencia del Papa Francisco a los periodistas en su mensaje para la 55\u00aa Jornada de las Comunicaciones Sociales de 2021: \u00abLa comunicaci\u00f3n corre el riesgo de aplanarse a ciertas l\u00f3gicas dominantes, de plegarse al poder o incluso de construir fake news. No caigas en la tentaci\u00f3n de alinearte, ve contracorriente, siempre con la suela de los zapatos y al encuentro de la gente.\u00a0S\u00f3lo as\u00ed podr\u00e1s ser \u00abaut\u00e9ntico por vocaci\u00f3n\u00bb. Y nunca olvides a los que est\u00e1n en los m\u00e1rgenes, los pobres, los solitarios, los descartados\u00bb.<\/p>\n<p><em>&#8211;<\/em><\/p>\n<p>Para saber m\u00e1s sobre \u00e9l, no se pierda el <a href=\"https:\/\/www.cittanuova.it\/riviste\/9777731129534\/\">PassaParola Guglielmo Boselli<\/a>, maestro de la comunicaci\u00f3n de Oreste Paliotti<\/p>\n<\/figcaption><\/figure>\n","protected":false},"excerpt":{"rendered":"<p>Con este significativo t\u00edtulo, &#8216;Citt\u00e1 Nuova&#8217;, la revista del Movimiento de los Focolares-Italia, que forma parte de nuestra red, defini\u00f3 el primer Jubileo de los Comunicadores que tuvo lugar en Roma, dentro del gran &#8216;Jubileo de la Esperanza&#8217; promovido por el Papa Francisco para 2025, seg\u00fan informa Sara Fornaro, jefa de redacci\u00f3n de la revista. [&hellip;]<\/p>\n","protected":false},"author":1,"featured_media":7923,"comment_status":"open","ping_status":"open","sticky":false,"template":"","format":"standard","meta":{"footnotes":""},"categories":[],"tags":[],"class_list":["post-7961","post","type-post","status-publish","format-standard","has-post-thumbnail","hentry","entry","has-media"],"aioseo_notices":[],"_links":{"self":[{"href":"https:\/\/www.net-one.org\/es\/wp-json\/wp\/v2\/posts\/7961","targetHints":{"allow":["GET"]}}],"collection":[{"href":"https:\/\/www.net-one.org\/es\/wp-json\/wp\/v2\/posts"}],"about":[{"href":"https:\/\/www.net-one.org\/es\/wp-json\/wp\/v2\/types\/post"}],"author":[{"embeddable":true,"href":"https:\/\/www.net-one.org\/es\/wp-json\/wp\/v2\/users\/1"}],"replies":[{"embeddable":true,"href":"https:\/\/www.net-one.org\/es\/wp-json\/wp\/v2\/comments?post=7961"}],"version-history":[{"count":0,"href":"https:\/\/www.net-one.org\/es\/wp-json\/wp\/v2\/posts\/7961\/revisions"}],"wp:featuredmedia":[{"embeddable":true,"href":"https:\/\/www.net-one.org\/es\/wp-json\/wp\/v2\/media\/7923"}],"wp:attachment":[{"href":"https:\/\/www.net-one.org\/es\/wp-json\/wp\/v2\/media?parent=7961"}],"wp:term":[{"taxonomy":"category","embeddable":true,"href":"https:\/\/www.net-one.org\/es\/wp-json\/wp\/v2\/categories?post=7961"},{"taxonomy":"post_tag","embeddable":true,"href":"https:\/\/www.net-one.org\/es\/wp-json\/wp\/v2\/tags?post=7961"}],"curies":[{"name":"wp","href":"https:\/\/api.w.org\/{rel}","templated":true}]}}