{"id":6094,"date":"2022-06-21T19:27:09","date_gmt":"2022-06-21T17:27:09","guid":{"rendered":"https:\/\/www.net-one.org\/netone-bresil-promeut-des-emissions-en-ligne-en-direct-sur-la-communication\/"},"modified":"2023-01-14T20:08:02","modified_gmt":"2023-01-14T19:08:02","slug":"netone-bresil-promeut-des-emissions-en-ligne-en-direct-sur-la-communication","status":"publish","type":"post","link":"https:\/\/www.net-one.org\/fr\/netone-bresil-promeut-des-emissions-en-ligne-en-direct-sur-la-communication\/","title":{"rendered":"NetOne Br\u00e9sil promeut des \u00e9missions en ligne en direct sur la communication"},"content":{"rendered":"\n<figure class=\"wp-block-image size-full is-resized\"><img fetchpriority=\"high\" decoding=\"async\" src=\"https:\/\/www.net-one.org\/wp-content\/uploads\/2022\/11\/live-NetOne-Brasil.webp\" alt=\"\" class=\"wp-image-5140\" width=\"560\" height=\"478\" srcset=\"https:\/\/www.net-one.org\/wp-content\/uploads\/2022\/11\/live-NetOne-Brasil.webp 868w, https:\/\/www.net-one.org\/wp-content\/uploads\/2022\/11\/live-NetOne-Brasil-300x256.webp 300w, https:\/\/www.net-one.org\/wp-content\/uploads\/2022\/11\/live-NetOne-Brasil-768x656.webp 768w\" sizes=\"(max-width: 560px) 100vw, 560px\" \/><\/figure>\n<p><span style=\"font-weight: 400;\">\u00c0 travers une s\u00e9rie de rencontres virtuelles ouvertes au public, ont \u00e9t\u00e9 pr\u00e9sent\u00e9s des moments de r\u00e9flexion sur la pens\u00e9e et des exp\u00e9riences concr\u00e8tes inspir\u00e9es par des valeurs telles que la paix, la fraternit\u00e9 et le dialogue.<\/span>&#13;\n&#13;\n\u00a0<\/p>\n\n<p>Par NetOne Br\u00e9sil<\/p>\n\n<p>Au milieu des difficult\u00e9s impos\u00e9es par la pand\u00e9mie Covid-19, NetOne Brazil a trouv\u00e9 l&rsquo;occasion de mener une action inspir\u00e9e des valeurs qui la guident : la construction d&rsquo;une culture m\u00e9diatique bas\u00e9e sur l&rsquo;unit\u00e9 et la fraternit\u00e9 universelle. Entre avril 2021 et juin 2022, six \u00e9missions en ligne en direct ont eu lieu avec des moments de dialogue sur des sujets sp\u00e9cifiques, dont les approches \u00e9taient directement li\u00e9es aux id\u00e9es cl\u00e9s de l&rsquo;action et de la pens\u00e9e de NetOne.<\/p>\n\n<p><span style=\"font-weight: 400;\">Diffus\u00e9es sur la cha\u00eene YouTube officielle du Mouvement des Focolari au Br\u00e9sil, ces rencontres virtuelles &#8211; appel\u00e9es <\/span><i><span style=\"font-weight: 400;\">chat avec NetOne Br\u00e9sil<\/span><\/i><span style=\"font-weight: 400;\"> &#8211; ont \u00e9t\u00e9 suivies non seulement par des professionnels, des enseignants et des chercheurs en communication et en technologie, mais aussi par des personnes int\u00e9ress\u00e9es, qui ont interagi avec les invit\u00e9s par de questions et d&rsquo;impressions post\u00e9es dans le chat. En g\u00e9n\u00e9ral, les orateurs invit\u00e9s ont pr\u00e9sent\u00e9 une br\u00e8ve r\u00e9flexion et\/ou exp\u00e9rience sur le sujet de leur expertise, qui a \u00e9t\u00e9 suivie de questions et r\u00e9ponses, de la part des professionnels li\u00e9s \u00e0 NetOne et du public qui a suivi la diffusion.<\/span><\/p>\n\n<p><span style=\"font-weight: 400;\">La premi\u00e8re \u00e9mission en direct, qui a eu lieu en avril 2021, a \u00e9t\u00e9 pr\u00e9sent\u00e9e par des membres de notre r\u00e9seau qui ont racont\u00e9 leur exp\u00e9rience de la r\u00e9alisation de l&rsquo;exposition virtuelle du centenaire de Chiara Lubich, qui s&rsquo;est tenue en 2020, suivie d&rsquo;une br\u00e8ve r\u00e9flexion \u00e0 la lumi\u00e8re du discours de la fondatrice des Focolari lors de la naissance de NetOne.<\/span><\/p>\n\n<p>Les autres \u00e9v\u00e9nements ont eu les invit\u00e9s et les th\u00e8mes suivants :<\/p>\n\n<p><span style=\"font-weight: 400;\">&#8211; En juin 2021, Isabela Reis a pr\u00e9sent\u00e9 l&rsquo;exp\u00e9rience du Grupo Pensar, de Rio de Janeiro, dans le domaine de la production culturelle et audiovisuelle.<\/span><\/p>\n\n<p><span style=\"font-weight: 400;\">&#8211; Le mois suivant, Mariana Assis a abord\u00e9 le th\u00e8me des meilleures pratiques pour une communication respectueuse dans les r\u00e9seaux sociaux d&rsquo;entreprise : Exp\u00e9riences dans quelques entreprises.<\/span><\/p>\n\n<p><span style=\"font-weight: 400;\">&#8211; En septembre 2021, le journaliste et professeur Aldo Quiroga a men\u00e9 le dialogue sur le th\u00e8me Communiquer l&rsquo;espoir.<\/span><\/p>\n\n<p><span style=\"font-weight: 400;\">&#8211; En 2022, deux s\u0153urs, enseignantes et chercheuses, Rebeca et Raquel Recuero, ont pr\u00e9sent\u00e9, respectivement, les sujets suivants : Les utilisateurs des m\u00e9dias et la culture num\u00e9rique (mai) et Internet et la (d\u00e9s)information : comment y faire face ? (juin).<\/span><\/p>\n\n<p>\u00c0 en juger par la participation intense et enthousiaste du public (provenant de diff\u00e9rentes r\u00e9gions du Br\u00e9sil) et par les r\u00e9actions aux retransmissions en direct, l&rsquo;initiative a \u00e9t\u00e9 tr\u00e8s bien accueillie, tant parce qu&rsquo;elle a \u00e9t\u00e9 un moment d&rsquo;apprentissage pour tous que parce qu&rsquo;il a \u00e9t\u00e9 possible d&rsquo;envisager des signes d&rsquo;espoir dans la construction d&rsquo;une culture m\u00e9diatique et technologique fond\u00e9e sur la paix, la fraternit\u00e9 et l&rsquo;unit\u00e9.&#13;\n&#13;\n<\/p>\n","protected":false},"excerpt":{"rendered":"<p>\u00c0 travers une s\u00e9rie de rencontres virtuelles ouvertes au public, ont \u00e9t\u00e9 pr\u00e9sent\u00e9s des moments de r\u00e9flexion sur la pens\u00e9e et des exp\u00e9riences concr\u00e8tes inspir\u00e9es par des valeurs telles que la paix, la fraternit\u00e9 et le dialogue.&#13; &#13; \u00a0 Par NetOne Br\u00e9sil Au milieu des difficult\u00e9s impos\u00e9es par la pand\u00e9mie Covid-19, NetOne Brazil a trouv\u00e9 [&hellip;]<\/p>\n","protected":false},"author":1,"featured_media":5792,"comment_status":"open","ping_status":"open","sticky":false,"template":"","format":"standard","meta":{"footnotes":""},"categories":[40,61],"tags":[],"class_list":["post-6094","post","type-post","status-publish","format-standard","has-post-thumbnail","hentry","category-non-classifiee","category-nouvelles","entry","has-media"],"aioseo_notices":[],"_links":{"self":[{"href":"https:\/\/www.net-one.org\/fr\/wp-json\/wp\/v2\/posts\/6094","targetHints":{"allow":["GET"]}}],"collection":[{"href":"https:\/\/www.net-one.org\/fr\/wp-json\/wp\/v2\/posts"}],"about":[{"href":"https:\/\/www.net-one.org\/fr\/wp-json\/wp\/v2\/types\/post"}],"author":[{"embeddable":true,"href":"https:\/\/www.net-one.org\/fr\/wp-json\/wp\/v2\/users\/1"}],"replies":[{"embeddable":true,"href":"https:\/\/www.net-one.org\/fr\/wp-json\/wp\/v2\/comments?post=6094"}],"version-history":[{"count":3,"href":"https:\/\/www.net-one.org\/fr\/wp-json\/wp\/v2\/posts\/6094\/revisions"}],"predecessor-version":[{"id":6097,"href":"https:\/\/www.net-one.org\/fr\/wp-json\/wp\/v2\/posts\/6094\/revisions\/6097"}],"wp:featuredmedia":[{"embeddable":true,"href":"https:\/\/www.net-one.org\/fr\/wp-json\/wp\/v2\/media\/5792"}],"wp:attachment":[{"href":"https:\/\/www.net-one.org\/fr\/wp-json\/wp\/v2\/media?parent=6094"}],"wp:term":[{"taxonomy":"category","embeddable":true,"href":"https:\/\/www.net-one.org\/fr\/wp-json\/wp\/v2\/categories?post=6094"},{"taxonomy":"post_tag","embeddable":true,"href":"https:\/\/www.net-one.org\/fr\/wp-json\/wp\/v2\/tags?post=6094"}],"curies":[{"name":"wp","href":"https:\/\/api.w.org\/{rel}","templated":true}]}}