{"id":6118,"date":"2022-04-21T00:23:56","date_gmt":"2022-04-20T22:23:56","guid":{"rendered":"https:\/\/www.net-one.org\/visite-du-centre-anne-frank-argentine-avec-les-communicateurs-de-netone-amerique-latine\/"},"modified":"2023-01-14T20:36:31","modified_gmt":"2023-01-14T19:36:31","slug":"visite-du-centre-anne-frank-argentine-avec-les-communicateurs-de-netone-amerique-latine","status":"publish","type":"post","link":"https:\/\/www.net-one.org\/fr\/visite-du-centre-anne-frank-argentine-avec-les-communicateurs-de-netone-amerique-latine\/","title":{"rendered":"Visite du Centre Anne Frank \u2013 Argentine avec les communicateurs de NetOne Am\u00e9rique latine"},"content":{"rendered":"\n<figure class=\"wp-block-image size-large\"><img fetchpriority=\"high\" decoding=\"async\" width=\"1024\" height=\"552\" src=\"https:\/\/www.net-one.org\/wp-content\/uploads\/2022\/10\/Argentina-Miniatura-1024x552.webp\" alt=\"\" class=\"wp-image-4781\" srcset=\"https:\/\/www.net-one.org\/wp-content\/uploads\/2022\/10\/Argentina-Miniatura-1024x552.webp 1024w, https:\/\/www.net-one.org\/wp-content\/uploads\/2022\/10\/Argentina-Miniatura-300x162.webp 300w, https:\/\/www.net-one.org\/wp-content\/uploads\/2022\/10\/Argentina-Miniatura-768x414.webp 768w, https:\/\/www.net-one.org\/wp-content\/uploads\/2022\/10\/Argentina-Miniatura.webp 1113w\" sizes=\"(max-width: 1024px) 100vw, 1024px\" \/><\/figure>\n<p>21.04.2022<\/p>\n\n<p><span style=\"font-weight: 400;\">Le vendredi 8 avril, pendant deux heures, les communicateurs de NetOne \u2013 Am\u00e9rique latine ont visit\u00e9 le Centre Anne Frank, dans ses locaux de Buenos Aires.<\/span><\/p>\n\n<p><span style=\"font-weight: 400;\">\u00a0Cette exp\u00e9rience est n\u00e9e dans le n\u0153ud argentin du r\u00e9seau. L&rsquo;ann\u00e9e derni\u00e8re, plusieurs webinaires ont \u00e9t\u00e9 organis\u00e9s, proposant des outils et des exp\u00e9riences sur les diff\u00e9rentes options permettant de favoriser le dialogue et l&rsquo;amiti\u00e9 sociale.<\/span>&#13;\n&#13;\n<span style=\"font-weight: 400;\">D&rsquo;autre part, nous sommes tous interpell\u00e9s par les discours de haine qui alimentent les polarisations sociales au niveau international et dans nos propres pays. C&rsquo;est ainsi qu&rsquo;est n\u00e9e l&rsquo;id\u00e9e du cycle : Mots de haine\/Mots de paix. Cet \u00e9v\u00e9nement a \u00e9t\u00e9 con\u00e7u avant la guerre en Ukraine, le nouveau contexte a encore accru l&rsquo;importance de cette activit\u00e9.\u00a0<\/span><\/p>\n\n<p><span style=\"font-weight: 400;\">La proposition consiste \u00e0 rendre visite \u00e0 des organisations qui travaillent d\u00e9j\u00e0 pour la paix dans les \u00ab\u00a0fissures\u00a0\u00bb sociales qui nous entourent, afin d&rsquo;apprendre de ces personnes comment nous pouvons mieux communiquer et agir, chacun dans son domaine, avec une vision plus large. Cette id\u00e9e est <\/span><span style=\"font-weight: 400;\">n\u00e9e d&rsquo;une compr\u00e9hension plus approfondie du projet international NetOne : le journalisme dialogique.<\/span><\/p>\n\n<p>Trente personnes y ont particip\u00e9, venues de toute l&rsquo;Argentine, de l&rsquo;Uruguay, du Chili, du Mexique et de l&rsquo;Espagne. Le Centre Anne Frank a \u00e9t\u00e9 rejoint par quatre membres. La coordination a \u00e9t\u00e9 assur\u00e9e par la directrice du Mus\u00e9e Anne Frank, Wanda Holsman. Son accueil chaleureux a \u00e9t\u00e9 accompagn\u00e9 d&rsquo;une pr\u00e9sentation de notre exp\u00e9rience par Isabel Gatti, coordinatrice internationale de NetOne.&#13;\n<\/p>\n\n<p>La visite du mus\u00e9e a commenc\u00e9 par une \u00ab reconstitution \u00bb de la vie quotidienne d&rsquo;Anne Frank, pour ceux qui ont assist\u00e9 en personne, tandis que les autres qui ont suivi l&rsquo;\u00e9v\u00e9nement de mani\u00e8re virtuelle ont fait de m\u00eame avec l&rsquo;option d&rsquo;une visite virtuelle du Centre. Un dialogue profond s&rsquo;est instaur\u00e9 tout au long du chemin, la fraternit\u00e9 entre tous s&rsquo;est exp\u00e9riment\u00e9e \u00e0 chaque \u00e9tape. <\/p>\n\n<p>Le dialogue a permis de recueillir les le\u00e7ons tir\u00e9es de l&rsquo;exp\u00e9rience et des questions ont \u00e9t\u00e9 pos\u00e9es pour approfondir les connaissances.<\/p>\n\n<p> Une adolescente participant \u00e0 ce projet de communication a \u00e9t\u00e9 frapp\u00e9e par l&rsquo;ouverture du c\u0153ur et de l&rsquo;\u00e2me qu&rsquo;elle a ressentie. Issu d&rsquo;un milieu catholique plus traditionnel, les th\u00e8mes propos\u00e9s par le Centre Anne Frank \u00e9taient \u00e9loign\u00e9s pour lui. Une autre participante a soulign\u00e9 l&rsquo;importance de ces espaces car la communication est un th\u00e8me transversal dans tous les domaines de la vie sociale, et ce qu&rsquo;elle a v\u00e9cu l&rsquo;a donc \u00e9norm\u00e9ment nourrie. &#13;\n<\/p>\n\n<p>Enfin, la visite s&rsquo;est termin\u00e9e en rappelant qu&rsquo;\u00e0 l&rsquo;\u00e9poque d&rsquo;Anne Frank, il y avait ceux qui cultivaient la violence et ceux qui prot\u00e9geaient les victimes, et que nous \u00e9tions donc invit\u00e9s \u00e0 \u00eatre des \u00ab\u00a0protecteurs\u00a0\u00bb. Tous ceux qui \u00e9taient pr\u00e9sents, ainsi que ceux qui ont suivi l&rsquo;\u00e9v\u00e9nement en ligne, se sont engag\u00e9s en faveur de cette proposition. L&rsquo;\u00e9poque post-pand\u00e9mique appelle ce d\u00e9fi pour l&rsquo;ensemble de la soci\u00e9t\u00e9.&#13;\n&#13;\n&#13;\n<\/p>\n\n<figure class=\"wp-block-image size-large\"><img decoding=\"async\" width=\"1024\" height=\"465\" src=\"https:\/\/www.net-one.org\/wp-content\/uploads\/2022\/10\/Argentina2-1024x465.webp\" alt=\"\" class=\"wp-image-4782\" srcset=\"https:\/\/www.net-one.org\/wp-content\/uploads\/2022\/10\/Argentina2-1024x465.webp 1024w, https:\/\/www.net-one.org\/wp-content\/uploads\/2022\/10\/Argentina2-300x136.webp 300w, https:\/\/www.net-one.org\/wp-content\/uploads\/2022\/10\/Argentina2-768x349.webp 768w, https:\/\/www.net-one.org\/wp-content\/uploads\/2022\/10\/Argentina2.webp 1320w\" sizes=\"(max-width: 1024px) 100vw, 1024px\" \/><\/figure>","protected":false},"excerpt":{"rendered":"<p>21.04.2022 Le vendredi 8 avril, pendant deux heures, les communicateurs de NetOne \u2013 Am\u00e9rique latine ont visit\u00e9 le Centre Anne Frank, dans ses locaux de Buenos Aires. \u00a0Cette exp\u00e9rience est n\u00e9e dans le n\u0153ud argentin du r\u00e9seau. L&rsquo;ann\u00e9e derni\u00e8re, plusieurs webinaires ont \u00e9t\u00e9 organis\u00e9s, proposant des outils et des exp\u00e9riences sur les diff\u00e9rentes options permettant [&hellip;]<\/p>\n","protected":false},"author":1,"featured_media":5656,"comment_status":"open","ping_status":"open","sticky":false,"template":"","format":"standard","meta":{"footnotes":""},"categories":[40,61],"tags":[],"class_list":["post-6118","post","type-post","status-publish","format-standard","has-post-thumbnail","hentry","category-non-classifiee","category-nouvelles","entry","has-media"],"aioseo_notices":[],"_links":{"self":[{"href":"https:\/\/www.net-one.org\/fr\/wp-json\/wp\/v2\/posts\/6118","targetHints":{"allow":["GET"]}}],"collection":[{"href":"https:\/\/www.net-one.org\/fr\/wp-json\/wp\/v2\/posts"}],"about":[{"href":"https:\/\/www.net-one.org\/fr\/wp-json\/wp\/v2\/types\/post"}],"author":[{"embeddable":true,"href":"https:\/\/www.net-one.org\/fr\/wp-json\/wp\/v2\/users\/1"}],"replies":[{"embeddable":true,"href":"https:\/\/www.net-one.org\/fr\/wp-json\/wp\/v2\/comments?post=6118"}],"version-history":[{"count":3,"href":"https:\/\/www.net-one.org\/fr\/wp-json\/wp\/v2\/posts\/6118\/revisions"}],"predecessor-version":[{"id":6121,"href":"https:\/\/www.net-one.org\/fr\/wp-json\/wp\/v2\/posts\/6118\/revisions\/6121"}],"wp:featuredmedia":[{"embeddable":true,"href":"https:\/\/www.net-one.org\/fr\/wp-json\/wp\/v2\/media\/5656"}],"wp:attachment":[{"href":"https:\/\/www.net-one.org\/fr\/wp-json\/wp\/v2\/media?parent=6118"}],"wp:term":[{"taxonomy":"category","embeddable":true,"href":"https:\/\/www.net-one.org\/fr\/wp-json\/wp\/v2\/categories?post=6118"},{"taxonomy":"post_tag","embeddable":true,"href":"https:\/\/www.net-one.org\/fr\/wp-json\/wp\/v2\/tags?post=6118"}],"curies":[{"name":"wp","href":"https:\/\/api.w.org\/{rel}","templated":true}]}}