{"id":6225,"date":"2020-05-30T18:56:01","date_gmt":"2020-05-30T16:56:01","guid":{"rendered":"https:\/\/www.net-one.org\/le-webinaire-virusdeathfiction\/"},"modified":"2023-01-16T21:54:38","modified_gmt":"2023-01-16T20:54:38","slug":"le-webinaire-virusdeathfiction","status":"publish","type":"post","link":"https:\/\/www.net-one.org\/fr\/le-webinaire-virusdeathfiction\/","title":{"rendered":"Le webinaire VirusDeathFiction"},"content":{"rendered":"\n<figure class=\"wp-block-image size-full is-resized\"><img fetchpriority=\"high\" decoding=\"async\" src=\"https:\/\/www.net-one.org\/wp-content\/uploads\/2022\/11\/Virus-DeathFiction.webp\" alt=\"\" class=\"wp-image-5125\" width=\"390\" height=\"390\" srcset=\"https:\/\/www.net-one.org\/wp-content\/uploads\/2022\/11\/Virus-DeathFiction.webp 600w, https:\/\/www.net-one.org\/wp-content\/uploads\/2022\/11\/Virus-DeathFiction-300x300.webp 300w, https:\/\/www.net-one.org\/wp-content\/uploads\/2022\/11\/Virus-DeathFiction-150x150.webp 150w\" sizes=\"(max-width: 390px) 100vw, 390px\" \/><\/figure>\n<p>30.05.2020<\/p>\n\n<p><span style=\"font-weight: 400;\">Le traitement m\u00e9diatique de la mort a \u00e9t\u00e9 le th\u00e8me du <a href=\"https:\/\/www.youtube.com\/watch?v=dXjlP19B0kY&amp;t=172s\" target=\"_blank\" rel=\"noopener\">deuxi\u00e8me webinaire international<\/a> du cycle \u00ab\u00a0Information et communication \u00e0 l&rsquo;heure du Covid-19\u00a0\u00bb, promu et organis\u00e9 par NetOne en collaboration avec le Centre de recherche <a href=\"https:\/\/www.sophiauniversity.org\/it\/sophia-global-studies\/\" target=\"_blank\" rel=\"noopener\">Sophia Global Studies.<\/a><\/span><\/p>\n\n<p><span style=\"font-weight: 400;\">Le Covid 19 a ramen\u00e9 l&rsquo;arch\u00e9type de la mort sur le devant de la sc\u00e8ne pour les humains. Comment analyser la repr\u00e9sentation de la mort \u00e0 l&rsquo;\u00e9poque du coronavirus ? L&rsquo;euthanasie est-elle toujours d&rsquo;actualit\u00e9 ? Comment les personnes \u00e2g\u00e9es, la cat\u00e9gorie la plus touch\u00e9e par le virus, sont-elles repr\u00e9sent\u00e9es ? Et comment la marginalit\u00e9, la culture du gaspillage, le mythe de l&rsquo;efficacit\u00e9 sont-ils pris en compte ? Les journalistes, les vid\u00e9astes et les communicateurs ont-ils adapt\u00e9 leurs r\u00e9cits au nouveau moment historique ? Telles sont les questions examin\u00e9es le 30 mai 2020 par <\/span><b>Erik Hendriks<\/b><span style=\"font-weight: 400;\">, producteur belge de cin\u00e9ma et de t\u00e9l\u00e9vision, <\/span><b>Regina Udalor<\/b><span style=\"font-weight: 400;\">, cin\u00e9aste et vid\u00e9aste nig\u00e9riane vivant en Norv\u00e8ge, <\/span><b>Isabela Reis<\/b><span style=\"font-weight: 400;\">, productrice culturelle br\u00e9silienne, <\/span><b>Guy Constant Ehoumy<\/b><span style=\"font-weight: 400;\">, journaliste b\u00e9ninois, et <\/span><b>Elena Granata<\/b><span style=\"font-weight: 400;\">, conf\u00e9renci\u00e8re italienne, avec la mod\u00e9ration de <\/span><b>Maddalena Maltese<\/b><span style=\"font-weight: 400;\">, journaliste et membre de la commission internationale de NetOne.<\/span><\/p>\n\n<p>C&rsquo;est un moment impossible \u00e0 dire\u00a0\u00bb, selon le professeur Granata. \u00ab\u00a0Parce que tout a eu son revers. Chaque mal a eu son bien. Chaque folie, sa normalit\u00e9\u00a0\u00bb. &#13;\n<\/p>\n\n<p>La conf\u00e9renci\u00e8re a \u00e9t\u00e9 frapp\u00e9 par la \u00ab\u00a0communication \u00e0 sens unique\u00a0\u00bb, de la part de l&rsquo;\u00c9tat et de la presse, qui a fait \u00ab\u00a0beaucoup de mal aux enfants et aux jeunes\u00a0\u00bb et a touch\u00e9 \u00ab\u00a0les personnes \u00e2g\u00e9es seules dans leur maison\u00a0\u00bb, par le \u00ab\u00a0silence soudain des balcons\u00a0\u00bb, o\u00f9 les gens avaient commenc\u00e9 \u00e0 chanter, \u00e0 partager des mots et des \u00e9motions avec leurs voisins, \u00e0 exprimer leur espoir, leur solidarit\u00e9&#8230;\u00a0\u00bb \u00c0 un moment donn\u00e9, ces images ont \u00e9t\u00e9 \u00e9clips\u00e9es et r\u00e9duites au silence par celles des morts. Il n&rsquo;est plus tol\u00e9r\u00e9 \u00ab\u00a0que l&rsquo;on puisse chanter sur les balcons et enterrer les morts, devenir sympathique \u00e0 ses voisins et se consacrer aux malades dans les h\u00f4pitaux\u00a0\u00bb. La professeure a soulign\u00e9 qu&rsquo;en Italie, dans les h\u00f4pitaux, \u00ab\u00a0on a essay\u00e9 de sauver tout le monde, vraiment tout le monde, les jeunes et les plus de 90 ans\u00a0\u00bb. \u00ab\u00a0Ce n&rsquo;\u00e9tait pas toujours un succ\u00e8s, mais c&rsquo;\u00e9tait un sentiment civique partag\u00e9\u00a0\u00bb qui r\u00e9affirmait la marque soci\u00e9tale de la coexistence interg\u00e9n\u00e9rationnelle et la valeur de chaque vie.&#13;\n<\/p>\n\n<p><span style=\"font-weight: 400;\">Erik Hendricks, a racont\u00e9 une histoire de travail \u00e0 forte charge humaine, pour laquelle le public a retenu le message : <\/span><b>\u00a0\u00bb il est possible de mourir sans douleur m\u00eame sans euthanasie \u00ab\u00a0,<\/b><span style=\"font-weight: 400;\"> combattu jusqu&rsquo;\u00e0 la veille de la diffusion par le lobby pro-euthanasie. Pendant la p\u00e9riode de pand\u00e9mie, les suicides et les euthanasies ont chut\u00e9 en Belgique et aux Pays-Bas. Le producteur a rapport\u00e9 une conversation avec un jeune \u00e9tudiant. \u00ab\u00a0Elle a dit que de nombreux \u00e9tudiants de sa g\u00e9n\u00e9ration se sentent tr\u00e8s responsables de leurs a\u00een\u00e9s. Ils suivent strictement les r\u00e8gles impos\u00e9es par les autorit\u00e9s, pour ne pas risquer de contaminer une personne \u00e2g\u00e9e, qui \u00ab\u00a0pourrait \u00eatre ma grand-m\u00e8re\u00a0\u00bb. Un autre \u00e9tudiant a ajout\u00e9 : <\/span><b>\u00ab\u00a0Mes grands-parents ne vivent plus, mais les personnes \u00e2g\u00e9es sont trop importantes pour les laisser partir\u00a0\u00bb.<\/b><span style=\"font-weight: 400;\"> J&rsquo;ai \u00e9t\u00e9 impressionn\u00e9 par ces d\u00e9clarations de jeunes gens. Ils donnent de l&rsquo;espoir pour l&rsquo;avenir\u00a0\u00bb, a-t-il conclu.\u00a0<\/span><\/p>\n\n<p><span style=\"font-weight: 400;\">Le journaliste b\u00e9ninois Guy Constant Ehoumi a expliqu\u00e9 qu&rsquo;en Afrique, o\u00f9 l&rsquo;on n&rsquo;a pas l&rsquo;habitude de parler de la mort dans les m\u00e9dias, par respect, on insiste davantage sur le nombre de personnes infect\u00e9es et gu\u00e9ries. Les gens se soignent g\u00e9n\u00e9ralement avec la m\u00e9decine naturelle, mais les strat\u00e9gies des entreprises pharmaceutiques font fi des rem\u00e8des traditionnels et se concentrent sur la commercialisation exclusive de m\u00e9dicaments de laboratoire. La productrice Regina Udalor lui fait \u00e9cho : \u00ab\u00a0au Nigeria et en Afrique en g\u00e9n\u00e9ral, <\/span><b>la mort des personnes de plus de 80 ans est appel\u00e9e \u00ab\u00a0c\u00e9l\u00e9bration de la vie\u00a0\u00bb,<\/b><span style=\"font-weight: 400;\"> et elle se d\u00e9roule de mani\u00e8re \u00e9labor\u00e9e et sur plusieurs jours. Elle est convaincue qu&rsquo;apr\u00e8s Covid, m\u00eame en Afrique, <\/span><b>la mort &#8211; qui a toujours \u00e9t\u00e9 trait\u00e9e avec beaucoup de respect<\/b><span style=\"font-weight: 400;\"> et de d\u00e9licatesse &#8211; commencera \u00e0 \u00eatre davantage repr\u00e9sent\u00e9e dans les productions audiovisuelles. Durant cette p\u00e9riode, des clips anim\u00e9s et d&rsquo;autres produits audiovisuels \u00e9ducatifs ont \u00e9t\u00e9 r\u00e9alis\u00e9s sur Covid pour les enfants et le grand public.<\/span><\/p>\n\n<ol class=\"wp-block-list\">\n<li><\/li>\n<\/ol>\n\n<p><span style=\"font-weight: 400;\">\u00ab\u00a0La richesse et l&rsquo;exub\u00e9rance de Rio de Janeiro sont connues dans le monde entier, tout comme la pauvret\u00e9 et les \u00e9normes in\u00e9galit\u00e9s sociales. <\/span><b>\u00c0 Rio, Isabela Reis cr\u00e9e des projets culturels utilisant des images et des techniques cin\u00e9matographiques<\/b> <b>pour exploiter le potentiel existant dans les banlieues<\/b><span style=\"font-weight: 400;\">. Elle affirme que les diff\u00e9rences sociales ont \u00e9t\u00e9 exacerb\u00e9es par la pand\u00e9mie : le taux d&rsquo;infection de la population noire et des habitants des quartiers marginaux est nettement sup\u00e9rieur \u00e0 celui de la population blanche. En outre, dans les favelas, \u00ab\u00a0l&rsquo;isolement social et les mesures d&rsquo;hygi\u00e8ne ad\u00e9quates sont pratiquement impossibles\u00a0\u00bb. Dans ce contexte, pour la premi\u00e8re fois, un groupe d&rsquo;artistes issus de la plus grande banlieue marginalis\u00e9e de la ville a surpris le public par son talent lors d&rsquo;une exposition au prestigieux MAR (Rio Art Museum).<\/span><\/p>\n","protected":false},"excerpt":{"rendered":"<p>30.05.2020 Le traitement m\u00e9diatique de la mort a \u00e9t\u00e9 le th\u00e8me du deuxi\u00e8me webinaire international du cycle \u00ab\u00a0Information et communication \u00e0 l&rsquo;heure du Covid-19\u00a0\u00bb, promu et organis\u00e9 par NetOne en collaboration avec le Centre de recherche Sophia Global Studies. Le Covid 19 a ramen\u00e9 l&rsquo;arch\u00e9type de la mort sur le devant de la sc\u00e8ne pour [&hellip;]<\/p>\n","protected":false},"author":1,"featured_media":5768,"comment_status":"open","ping_status":"open","sticky":false,"template":"","format":"standard","meta":{"footnotes":""},"categories":[40,61],"tags":[],"class_list":["post-6225","post","type-post","status-publish","format-standard","has-post-thumbnail","hentry","category-non-classifiee","category-nouvelles","entry","has-media"],"aioseo_notices":[],"_links":{"self":[{"href":"https:\/\/www.net-one.org\/fr\/wp-json\/wp\/v2\/posts\/6225","targetHints":{"allow":["GET"]}}],"collection":[{"href":"https:\/\/www.net-one.org\/fr\/wp-json\/wp\/v2\/posts"}],"about":[{"href":"https:\/\/www.net-one.org\/fr\/wp-json\/wp\/v2\/types\/post"}],"author":[{"embeddable":true,"href":"https:\/\/www.net-one.org\/fr\/wp-json\/wp\/v2\/users\/1"}],"replies":[{"embeddable":true,"href":"https:\/\/www.net-one.org\/fr\/wp-json\/wp\/v2\/comments?post=6225"}],"version-history":[{"count":1,"href":"https:\/\/www.net-one.org\/fr\/wp-json\/wp\/v2\/posts\/6225\/revisions"}],"predecessor-version":[{"id":6226,"href":"https:\/\/www.net-one.org\/fr\/wp-json\/wp\/v2\/posts\/6225\/revisions\/6226"}],"wp:featuredmedia":[{"embeddable":true,"href":"https:\/\/www.net-one.org\/fr\/wp-json\/wp\/v2\/media\/5768"}],"wp:attachment":[{"href":"https:\/\/www.net-one.org\/fr\/wp-json\/wp\/v2\/media?parent=6225"}],"wp:term":[{"taxonomy":"category","embeddable":true,"href":"https:\/\/www.net-one.org\/fr\/wp-json\/wp\/v2\/categories?post=6225"},{"taxonomy":"post_tag","embeddable":true,"href":"https:\/\/www.net-one.org\/fr\/wp-json\/wp\/v2\/tags?post=6225"}],"curies":[{"name":"wp","href":"https:\/\/api.w.org\/{rel}","templated":true}]}}