{"id":6906,"date":"2023-09-26T17:29:38","date_gmt":"2023-09-26T15:29:38","guid":{"rendered":"https:\/\/www.net-one.org\/presentation-du-livre-solo-por-mi-nombre-de-cinthia-vega\/"},"modified":"2023-09-26T17:29:38","modified_gmt":"2023-09-26T15:29:38","slug":"presentation-du-livre-solo-por-mi-nombre-de-cinthia-vega","status":"publish","type":"post","link":"https:\/\/www.net-one.org\/fr\/presentation-du-livre-solo-por-mi-nombre-de-cinthia-vega\/","title":{"rendered":"Pr\u00e9sentation du livre : \u00ab\u00a0Solo por mi nombre\u00a0\u00bb de Cinthia Vega"},"content":{"rendered":"<p><img fetchpriority=\"high\" decoding=\"async\" class=\"size-medium wp-image-6889 alignnone\" src=\"http:\/\/www.net-one.org\/wp-content\/uploads\/2023\/09\/Foto-libro-21-2-300x225.webp\" alt=\"\" width=\"300\" height=\"225\" srcset=\"https:\/\/www.net-one.org\/wp-content\/uploads\/2023\/09\/Foto-libro-21-2-300x225.webp 300w, https:\/\/www.net-one.org\/wp-content\/uploads\/2023\/09\/Foto-libro-21-2-768x576.webp 768w, https:\/\/www.net-one.org\/wp-content\/uploads\/2023\/09\/Foto-libro-21-2.webp 1024w\" sizes=\"(max-width: 300px) 100vw, 300px\" \/><\/p>\n<p>26.09.2023<\/p>\n<p>Nous sommes heureux de partager avec vous les nouvelles d&rsquo;Argentine, provenant d&rsquo;un des journalistes participant au r\u00e9seau NetOneconosur, de la pr\u00e9sentation du livre : \u00ab\u00a0Solo por mi nombre\u00a0\u00bb de Cinthia Vega. Cette pr\u00e9sentation a eu lieu le vendredi 15 septembre dans la ville de Resistencia. L&rsquo;activit\u00e9 a \u00e9t\u00e9 organis\u00e9e par le Bureau des \u00e9crivains de la ville et a \u00e9t\u00e9 dirig\u00e9e par Marina Nill, \u00e9crivaine et communicatrice sociale, et Avelino Sainar-Nu\u00f1ez, \u00e9crivain, pr\u00e9sident de la Soci\u00e9t\u00e9 argentine des \u00e9crivains de la province de Corrientes et directeur d&rsquo;Editorial D, la maison d&rsquo;\u00e9dition qui a publi\u00e9 le livre. NetOne a rendu possible la diffusion en continu de la pr\u00e9sentation : https:\/\/www.youtube.com\/watch?v=Ax99Z5kGw1A.<\/p>\n<p>Seulement avec mon nom<\/p>\n<p>Ce livre est l&rsquo;histoire de la vie de Cinthia et une documentation sur le travail social qu&rsquo;elle effectue depuis plus de 20 ans. Depuis son enfance \u00e0 Villa \u00c1ngela, jusqu&rsquo;au drame de son probl\u00e8me de sant\u00e9 qui a abouti \u00e0 la c\u00e9cit\u00e9, en passant par le d\u00e9fi de s&rsquo;adapter \u00e0 une \u00e9poque sans grand soutien technologique, jusqu&rsquo;\u00e0 la r\u00e9alisation de ses objectifs malgr\u00e9 tout, jusqu&rsquo;\u00e0 ce qu&rsquo;elle devienne un point de r\u00e9f\u00e9rence pour d&rsquo;autres personnes aveugles et malvoyantes et un pilier de notre communaut\u00e9. \u201cSolo por mi nombre\u201d est un t\u00e9moignage de vie et d&rsquo;une \u00e9poque qui m\u00e9rite d&rsquo;\u00eatre connue.<\/p>\n<p><img decoding=\"async\" class=\"size-medium wp-image-6894 alignleft\" src=\"http:\/\/www.net-one.org\/wp-content\/uploads\/2023\/09\/Foto-libro-32-1-300x169.webp\" alt=\"\" width=\"300\" height=\"169\" srcset=\"https:\/\/www.net-one.org\/wp-content\/uploads\/2023\/09\/Foto-libro-32-1-300x169.webp 300w, https:\/\/www.net-one.org\/wp-content\/uploads\/2023\/09\/Foto-libro-32-1-1024x576.webp 1024w, https:\/\/www.net-one.org\/wp-content\/uploads\/2023\/09\/Foto-libro-32-1-768x432.webp 768w, https:\/\/www.net-one.org\/wp-content\/uploads\/2023\/09\/Foto-libro-32-1.webp 1280w\" sizes=\"(max-width: 300px) 100vw, 300px\" \/><\/p>\n<p>Loin d&rsquo;\u00eatre vaincue par les circonstances et avec le soutien de sa famille, elle s&rsquo;est non seulement pr\u00e9par\u00e9e \u00e0 travailler normalement, mais elle est \u00e9galement devenue une source d&rsquo;inspiration et une force motrice pour de nombreuses personnes souffrant des m\u00eames limitations visuelles. Avec sa famille, elle a cr\u00e9\u00e9 la maison d&rsquo;\u00e9dition en braille Tifloluz, qui imprime du mat\u00e9riel pour les biblioth\u00e8ques et les \u00e9tudiants de la province. Elle a \u00e9galement travaill\u00e9 comme productrice et pr\u00e9sentatrice de radio avec deux programmes : \u00ab\u00a0Hablemos en positivo\u00a0\u00bb et \u00ab\u00a0IGUALES en Derecho y Dignidad\u00a0\u00bb, gr\u00e2ce auxquels elle contribue \u00e0 une soci\u00e9t\u00e9 plus juste et plus participative. Parall\u00e8lement, elle a trac\u00e9 la voie de l&rsquo;autonomie des personnes aveugles, en \u00e9tant la premi\u00e8re, dans le nord-est de l&rsquo;Argentine, \u00e0 se d\u00e9placer avec l&rsquo;aide de son chien-guide Shaky. <\/p>\n<p>De nombreuses institutions ont soutenu cette proposition : la biblioth\u00e8que Leopoldo Herrera, en la personne de sa directrice M\u00f3nica Delgado, l&rsquo;Institut de culture anglaise du Chaco. L&rsquo;Institut de formation des enseignants Dardo Rocha, la Ligue des m\u00e8res de l&rsquo;archidioc\u00e8se, repr\u00e9sent\u00e9e par sa pr\u00e9sidente Silvia Normiela. Le directeur de Radio Universidad UTN-Carolina Orcola, o\u00f9 Cinthia anime son \u00e9mission hebdomadaire avec des membres de notre r\u00e9seau dans la ville et des repr\u00e9sentants du mouvement des Focolari, \u00e9tait \u00e9galement pr\u00e9sent lors de la pr\u00e9sentation.<\/p>\n<p>Photo \/ Avec l&rsquo;aimable autorisation de Cinthia Vega, l&rsquo;auteur.<\/p>\n","protected":false},"excerpt":{"rendered":"<p>26.09.2023 Nous sommes heureux de partager avec vous les nouvelles d&rsquo;Argentine, provenant d&rsquo;un des journalistes participant au r\u00e9seau NetOneconosur, de la pr\u00e9sentation du livre : \u00ab\u00a0Solo por mi nombre\u00a0\u00bb de Cinthia Vega. Cette pr\u00e9sentation a eu lieu le vendredi 15 septembre dans la ville de Resistencia. L&rsquo;activit\u00e9 a \u00e9t\u00e9 organis\u00e9e par le Bureau des \u00e9crivains [&hellip;]<\/p>\n","protected":false},"author":1,"featured_media":6869,"comment_status":"open","ping_status":"open","sticky":false,"template":"","format":"standard","meta":{"footnotes":""},"categories":[],"tags":[],"class_list":["post-6906","post","type-post","status-publish","format-standard","has-post-thumbnail","hentry","entry","has-media"],"aioseo_notices":[],"_links":{"self":[{"href":"https:\/\/www.net-one.org\/fr\/wp-json\/wp\/v2\/posts\/6906","targetHints":{"allow":["GET"]}}],"collection":[{"href":"https:\/\/www.net-one.org\/fr\/wp-json\/wp\/v2\/posts"}],"about":[{"href":"https:\/\/www.net-one.org\/fr\/wp-json\/wp\/v2\/types\/post"}],"author":[{"embeddable":true,"href":"https:\/\/www.net-one.org\/fr\/wp-json\/wp\/v2\/users\/1"}],"replies":[{"embeddable":true,"href":"https:\/\/www.net-one.org\/fr\/wp-json\/wp\/v2\/comments?post=6906"}],"version-history":[{"count":0,"href":"https:\/\/www.net-one.org\/fr\/wp-json\/wp\/v2\/posts\/6906\/revisions"}],"wp:featuredmedia":[{"embeddable":true,"href":"https:\/\/www.net-one.org\/fr\/wp-json\/wp\/v2\/media\/6869"}],"wp:attachment":[{"href":"https:\/\/www.net-one.org\/fr\/wp-json\/wp\/v2\/media?parent=6906"}],"wp:term":[{"taxonomy":"category","embeddable":true,"href":"https:\/\/www.net-one.org\/fr\/wp-json\/wp\/v2\/categories?post=6906"},{"taxonomy":"post_tag","embeddable":true,"href":"https:\/\/www.net-one.org\/fr\/wp-json\/wp\/v2\/tags?post=6906"}],"curies":[{"name":"wp","href":"https:\/\/api.w.org\/{rel}","templated":true}]}}