{"id":6998,"date":"2023-11-20T09:10:14","date_gmt":"2023-11-20T08:10:14","guid":{"rendered":"https:\/\/www.net-one.org\/100-ans-apres-les-debuts-journalistiques-digino-giordani\/"},"modified":"2023-11-20T09:10:14","modified_gmt":"2023-11-20T08:10:14","slug":"100-ans-apres-les-debuts-journalistiques-digino-giordani","status":"publish","type":"post","link":"https:\/\/www.net-one.org\/fr\/100-ans-apres-les-debuts-journalistiques-digino-giordani\/","title":{"rendered":"100 ans apr\u00e8s les d\u00e9buts journalistiques d&rsquo;Igino Giordani"},"content":{"rendered":"<p><img fetchpriority=\"high\" decoding=\"async\" class=\"wp-image-6966 aligncenter\" src=\"http:\/\/www.net-one.org\/wp-content\/uploads\/2023\/11\/Screenshot-2023-11-20-092034-300x135.png\" alt=\"\" width=\"567\" height=\"255\" srcset=\"https:\/\/www.net-one.org\/wp-content\/uploads\/2023\/11\/Screenshot-2023-11-20-092034-300x135.png 300w, https:\/\/www.net-one.org\/wp-content\/uploads\/2023\/11\/Screenshot-2023-11-20-092034-1024x462.png 1024w, https:\/\/www.net-one.org\/wp-content\/uploads\/2023\/11\/Screenshot-2023-11-20-092034-768x347.png 768w, https:\/\/www.net-one.org\/wp-content\/uploads\/2023\/11\/Screenshot-2023-11-20-092034-1536x694.png 1536w, https:\/\/www.net-one.org\/wp-content\/uploads\/2023\/11\/Screenshot-2023-11-20-092034.png 1807w\" sizes=\"(max-width: 567px) 100vw, 567px\" \/><\/p>\n<p><strong>20. 11. 2023<\/strong><\/p>\n<p>Le 21 octobre, au Centre Mariapoli de Castel Gandolfo, dans le cadre du CNDAY, la figure d&rsquo;Igino Giordani, ancien r\u00e9dacteur en chef de Citt\u00e0 Nuova, a \u00e9t\u00e9 \u00e9voqu\u00e9e un si\u00e8cle apr\u00e8s ses d\u00e9buts dans le journalisme (1923-2023).<\/p>\n<p>Alberto Lo Presti, du Centre Igino Giordani, a propos\u00e9 des r\u00e9flexions sur la profession d&rsquo;Igino Giordani, \u00e9crivain et journaliste, une carri\u00e8re qui a d\u00e9but\u00e9 il y a 100 ans.<\/p>\n<p>Igino Giordani (1894-1980), protagoniste du XXe si\u00e8cle, a pris part aux engagements passionnants de son \u00e9poque avec une coh\u00e9rence lin\u00e9aire et un temp\u00e9rament h\u00e9ro\u00efque. Collaborateur de Sturzo, opposant \u00e0 Mussolini, confident de De Gasperi, ami de Paul VI, cofondateur du Mouvement des Focolari de Chiara Lubich.<\/p>\n<p><strong>Quelques moments cl\u00e9s de son parcours<\/strong><\/p>\n<p>Giordani est n\u00e9 \u00e0 Tivoli en 1894, a\u00een\u00e9 de six enfants, dans une famille pauvre. Il a \u00e9pous\u00e9 Mya Salvati en 1920 et le couple a eu quatre enfants.<\/p>\n<p>Appartenant \u00e0 la g\u00e9n\u00e9ration qui a v\u00e9cu les deux guerres mondiales, Giordani n&rsquo;en a que trop bien connu la cruaut\u00e9. D\u00e8s l&rsquo;obtention de son dipl\u00f4me, il est envoy\u00e9 dans les tranch\u00e9es du Karst.<\/p>\n<p>Giordani confiera bien plus tard qu&rsquo;il n&rsquo;a pas tir\u00e9 un seul coup de feu sur l&rsquo;ennemi de peur de tuer \u00ab\u00a0un fr\u00e8re\u00a0\u00bb : il a toujours cru \u00e0 l&rsquo;importance primordiale de la paix et consid\u00e9rait la guerre comme \u00ab\u00a0un acte de folie contre Dieu et la raison humaine\u00a0\u00bb.<\/p>\n<p>Il a \u00e9t\u00e9 bless\u00e9 et a subi d&rsquo;horribles blessures qui lui ont co\u00fbt\u00e9 trois ans d&rsquo;h\u00f4pital et onze op\u00e9rations chirurgicales, ainsi qu&rsquo;une m\u00e9daille d&rsquo;argent. Les \u00e9crits d&rsquo;un la\u00efc, Contardo Ferrini, qui devint plus tard un saint, l&rsquo;aid\u00e8rent \u00e0 apprendre que la saintet\u00e9 peut \u00e9galement \u00eatre atteinte au milieu du monde.<\/p>\n<p><strong>Engagement politique et culturel <\/strong><\/p>\n<p><img decoding=\"async\" class=\"size-medium wp-image-6981 alignleft\" src=\"http:\/\/www.net-one.org\/wp-content\/uploads\/2023\/11\/cq5dam.thumbnail.cropped.1000.563-1-300x169.jpeg\" alt=\"\" width=\"300\" height=\"169\" srcset=\"https:\/\/www.net-one.org\/wp-content\/uploads\/2023\/11\/cq5dam.thumbnail.cropped.1000.563-1-300x169.jpeg 300w, https:\/\/www.net-one.org\/wp-content\/uploads\/2023\/11\/cq5dam.thumbnail.cropped.1000.563-1-768x432.jpeg 768w, https:\/\/www.net-one.org\/wp-content\/uploads\/2023\/11\/cq5dam.thumbnail.cropped.1000.563-1.jpeg 1000w\" sizes=\"(max-width: 300px) 100vw, 300px\" \/>Il y a un si\u00e8cle, le 18 janvier 1919, Luigi Sturzo, du Parti populaire italien, lan\u00e7ait l&rsquo;Appel aux \u00ab\u00a0libres et forts\u00a0\u00bb, s&rsquo;adressant \u00e0 ceux qui, en tant qu'\u00a0\u00bbhommes moralement libres et socialement \u00e9volu\u00e9s\u00a0\u00bb, \u00e9taient pr\u00eats \u00e0 s&rsquo;engager pour soutenir un projet politique et social pour l&rsquo;Italie au lendemain de la Premi\u00e8re Guerre Mondiale.<\/p>\n<p>Un appel qui a trouv\u00e9 Igino Giordani allong\u00e9 sur un lit de l&rsquo;h\u00f4pital militaire, entre deux interventions chirurgicales, alternant les examens universitaires \u00e0 la facult\u00e9 de lettres de l&rsquo;universit\u00e9 La Sapienza de Rome. Sa r\u00e9action ne se fait pas attendre : il est l&rsquo;un des premiers \u00e0 adh\u00e9rer \u00e0 l&rsquo;exp\u00e9rience naissante du Parti populaire et l&rsquo;un des premiers \u00e0 collaborer avec le pr\u00eatre sicilien \u00e0 la construction du parti, notamment au sein du bureau de presse. Igino se distingue par ses capacit\u00e9s d&rsquo;analyse et devient chef du bureau de presse du jeune parti politique.<\/p>\n<p>Giordani s&rsquo;oppose h\u00e9ro\u00efquement \u00e0 l&rsquo;escalade de violence du fascisme. En cons\u00e9quence, la police le harc\u00e8le, limitant sa capacit\u00e9 \u00e0 \u00e9crire, \u00e0 rencontrer des gens et m\u00eame \u00e0 enseigner dans les \u00e9coles publiques.<\/p>\n<p>Malgr\u00e9 les tentatives des fascistes de l&rsquo;exiler, Giordani, en tant que bless\u00e9 de guerre et v\u00e9t\u00e9ran d\u00e9cor\u00e9 (une ironie compte tenu de sa pr\u00e9dilection pour la paix), a obtenu une certaine protection dans le cadre de la m\u00eame rh\u00e9torique fasciste c\u00e9l\u00e9brant les h\u00e9ros de la Premi\u00e8re Guerre mondiale. Il a toutefois \u00e9t\u00e9 exclu du registre des journalistes et contraint de se retirer de l&rsquo;enseignement dans les \u00e9coles publiques.<\/p>\n<p>Apr\u00e8s la Seconde Guerre mondiale, Giordani a \u00e9t\u00e9 \u00e9lu au Parlement italien en 1946, devenant ainsi l&rsquo;un des \u00ab\u00a0p\u00e8res constituants\u00a0\u00bb qui ont jet\u00e9 les bases id\u00e9ales de la R\u00e9publique italienne. Il est r\u00e9\u00e9lu en 1948 et \u00e9lu au Conseil des peuples d&rsquo;Europe \u00e0 Strasbourg en 1950.<\/p>\n<p>Giordani devient r\u00e9dacteur en chef de \u00ab\u00a0Il Popolo\u00a0\u00bb, le journal officiel de son parti, en 1946.<\/p>\n<p>Il d\u00e9missionne l&rsquo;ann\u00e9e suivante, fatigu\u00e9 par les fr\u00e9quentes pressions ext\u00e9rieures qui tentent d&rsquo;influencer les d\u00e9cisions politiques. Il refuse d&rsquo;\u00eatre qualifi\u00e9 de \u00ab\u00a0r\u00e9dacteur en chef dirig\u00e9\u00a0\u00bb.<\/p>\n<p>Le discours parlementaire qu&rsquo;il prononce en 1949, dans lequel il plaide pour l&rsquo;adh\u00e9sion de l&rsquo;Italie au pacte atlantique, qu&rsquo;il consid\u00e8re comme une voie vers la paix et l&rsquo;unit\u00e9 plut\u00f4t que comme une politique militaire d\u00e9fensive, est un moment marquant de sa carri\u00e8re politique. Tous les membres de l&rsquo;h\u00e9micycle ont applaudi ce discours.<\/p>\n<p><strong>La rencontre avec Chiara Lubich &#8211; Focolari Confounder <\/strong><\/p>\n<p><img decoding=\"async\" class=\"wp-image-6987 alignleft\" src=\"http:\/\/www.net-one.org\/wp-content\/uploads\/2023\/11\/Chiara-Lubich-e-Igino-Giordani-cofondatore-del-Movimento-dei-Focolari-300x202.webp\" alt=\"\" width=\"359\" height=\"242\" srcset=\"https:\/\/www.net-one.org\/wp-content\/uploads\/2023\/11\/Chiara-Lubich-e-Igino-Giordani-cofondatore-del-Movimento-dei-Focolari-300x202.webp 300w, https:\/\/www.net-one.org\/wp-content\/uploads\/2023\/11\/Chiara-Lubich-e-Igino-Giordani-cofondatore-del-Movimento-dei-Focolari-768x517.webp 768w, https:\/\/www.net-one.org\/wp-content\/uploads\/2023\/11\/Chiara-Lubich-e-Igino-Giordani-cofondatore-del-Movimento-dei-Focolari.webp 1024w\" sizes=\"(max-width: 359px) 100vw, 359px\" \/>En septembre 1948, il rencontre Chiara Lubich. Igino a 54 ans, il est un \u00e9crivain respect\u00e9, un homme politique d\u00e9vou\u00e9, un hagiographe et un r\u00e9dacteur en chef de journal, un ami des \u00e9v\u00eaques et un visiteur assidu du Vatican. Cependant, lorsqu&rsquo;il rencontre une jeune la\u00efque de la moiti\u00e9 de son \u00e2ge, fondatrice d&rsquo;une nouvelle communaut\u00e9 spirituelle appel\u00e9e le mouvement des Focolari, sa vie change. Il d\u00e9couvre une solution \u00e0 sa soif de saintet\u00e9.<\/p>\n<p>Giordani apporte \u00e0 Chiara l&rsquo;h\u00e9ritage de sa vie politique et professionnelle passionn\u00e9e d&rsquo;homme mari\u00e9, de p\u00e8re de famille, d&rsquo;homme de culture engag\u00e9 dans le monde et l&rsquo;histoire avec courage et passion. Chiara voit en lui la totalit\u00e9 de l&rsquo;humanit\u00e9, avec ses trag\u00e9dies et ses vertus, et le consid\u00e8re comme le germe de toutes les branches qu&rsquo;elle \u00e9tablira progressivement, en donnant une nouvelle vie au Mouvement.<\/p>\n<p>Il sera honor\u00e9 comme confondateur par la fondatrice pour sa contribution significative \u00e0 la mise en \u0153uvre du projet d&rsquo;unit\u00e9 inscrit dans sa spiritualit\u00e9 et son style de vie.<\/p>\n<p>En 1953, apr\u00e8s de nombreuses batailles sous la banni\u00e8re de la paix et d&rsquo;une vision profonde et contre-culturelle, Giordani n&rsquo;est pas r\u00e9\u00e9lu \u00e0 la Chambre des d\u00e9put\u00e9s. Cela lui donne l&rsquo;occasion de se consacrer enti\u00e8rement au mouvement des Focolari, en \u00e9crivant de nombreux livres sur l&rsquo;unit\u00e9 en tant que principe social.<\/p>\n<p><strong>En 1959, il devient r\u00e9dacteur en chef de \u00ab\u00a0Citt\u00e0 Nuova\u00a0\u00bb.<\/strong> <img loading=\"lazy\" decoding=\"async\" class=\" wp-image-6971 alignright\" src=\"http:\/\/www.net-one.org\/wp-content\/uploads\/2023\/11\/3983464561_f00199dd6c_z-300x210.jpg\" alt=\"\" width=\"346\" height=\"242\" srcset=\"https:\/\/www.net-one.org\/wp-content\/uploads\/2023\/11\/3983464561_f00199dd6c_z-300x210.jpg 300w, https:\/\/www.net-one.org\/wp-content\/uploads\/2023\/11\/3983464561_f00199dd6c_z.jpg 640w\" sizes=\"(max-width: 346px) 100vw, 346px\" \/><\/strong><\/p>\n<p>Pendant le Concile Vatican II, Giordani fut un auteur prolifique, pr\u00e9voyant divers sujets, en particulier le r\u00f4le des la\u00efcs et la vision eccl\u00e9siologique, qu&rsquo;il consid\u00e9rait comme universelle et globale.<\/p>\n<p>Il est d\u00e9c\u00e9d\u00e9 en 1980, et son h\u00e9ritage en tant que grand personnage et mod\u00e8le a \u00e9t\u00e9 imm\u00e9diatement reconnu. Il a laiss\u00e9 un grand nombre d&rsquo;\u00e9crits, de notes, de correspondances, de livres et d&rsquo;articles, que le Centre Igino Giordani et les Archives g\u00e9n\u00e9rales du mouvement des Focolari ont conserv\u00e9s et mis \u00e0 la disposition du public.<\/p>\n<p>La vie d&rsquo;Igino Giordani continue de nous interpeller, en t\u00e9moignant d&rsquo;une culture et d&rsquo;une politique qui valorisent la coh\u00e9rence, le dialogue et la construction de la paix.<\/p>\n<p>C&rsquo;est une figure multiforme qui a laiss\u00e9 des traces profondes et ouvert des perspectives proph\u00e9tiques sur les dimensions culturelles, politiques, religieuses et sociales.<\/p>\n<p>Le processus de b\u00e9atification a commenc\u00e9 en 2004, et L&rsquo;Espresso, un c\u00e9l\u00e8bre hebdomadaire italien, a eu l&rsquo;audace de faire une remarque \u00e0 cette occasion &#8211; Titre du journal; \u00a0\u00bb bienheureux Journaliste: Igino, prot\u00e8ge-nous !\u00a0\u00bb Et nous lisons dans le texte : \u00ab\u00a0Et maintenant, l&rsquo;ordre des journalistes aura son propre ordre\u00a0\u00bb. Bienheureux, Igino Giordani, directeur du journal \u00ab\u00a0Il Popolo\u00a0\u00bb, d\u00e9put\u00e9 d\u00e9mocrate-chr\u00e9tien, ,confondateur des focolarini, connu sous le nom de Foco &#8211; Feu &#8211; en raison de son z\u00e8le, et p\u00e8re de Brando, anciennement fort de la Rai. Le chemin de la b\u00e9atification \u00e9claire d&rsquo;une lumi\u00e8re vive la cat\u00e9gorie tant vilipend\u00e9e\u00a0\u00bb.<\/p>\n","protected":false},"excerpt":{"rendered":"<p>20. 11. 2023 Le 21 octobre, au Centre Mariapoli de Castel Gandolfo, dans le cadre du CNDAY, la figure d&rsquo;Igino Giordani, ancien r\u00e9dacteur en chef de Citt\u00e0 Nuova, a \u00e9t\u00e9 \u00e9voqu\u00e9e un si\u00e8cle apr\u00e8s ses d\u00e9buts dans le journalisme (1923-2023). Alberto Lo Presti, du Centre Igino Giordani, a propos\u00e9 des r\u00e9flexions sur la profession d&rsquo;Igino [&hellip;]<\/p>\n","protected":false},"author":1,"featured_media":6963,"comment_status":"open","ping_status":"open","sticky":false,"template":"","format":"standard","meta":{"footnotes":""},"categories":[],"tags":[],"class_list":["post-6998","post","type-post","status-publish","format-standard","has-post-thumbnail","hentry","entry","has-media"],"aioseo_notices":[],"_links":{"self":[{"href":"https:\/\/www.net-one.org\/fr\/wp-json\/wp\/v2\/posts\/6998","targetHints":{"allow":["GET"]}}],"collection":[{"href":"https:\/\/www.net-one.org\/fr\/wp-json\/wp\/v2\/posts"}],"about":[{"href":"https:\/\/www.net-one.org\/fr\/wp-json\/wp\/v2\/types\/post"}],"author":[{"embeddable":true,"href":"https:\/\/www.net-one.org\/fr\/wp-json\/wp\/v2\/users\/1"}],"replies":[{"embeddable":true,"href":"https:\/\/www.net-one.org\/fr\/wp-json\/wp\/v2\/comments?post=6998"}],"version-history":[{"count":0,"href":"https:\/\/www.net-one.org\/fr\/wp-json\/wp\/v2\/posts\/6998\/revisions"}],"wp:featuredmedia":[{"embeddable":true,"href":"https:\/\/www.net-one.org\/fr\/wp-json\/wp\/v2\/media\/6963"}],"wp:attachment":[{"href":"https:\/\/www.net-one.org\/fr\/wp-json\/wp\/v2\/media?parent=6998"}],"wp:term":[{"taxonomy":"category","embeddable":true,"href":"https:\/\/www.net-one.org\/fr\/wp-json\/wp\/v2\/categories?post=6998"},{"taxonomy":"post_tag","embeddable":true,"href":"https:\/\/www.net-one.org\/fr\/wp-json\/wp\/v2\/tags?post=6998"}],"curies":[{"name":"wp","href":"https:\/\/api.w.org\/{rel}","templated":true}]}}