{"id":7026,"date":"2023-11-23T16:44:22","date_gmt":"2023-11-23T15:44:22","guid":{"rendered":"https:\/\/www.net-one.org\/la-fraternite-dans-les-relations-avec-les-medias\/"},"modified":"2023-11-23T16:44:22","modified_gmt":"2023-11-23T15:44:22","slug":"la-fraternite-dans-les-relations-avec-les-medias","status":"publish","type":"post","link":"https:\/\/www.net-one.org\/fr\/la-fraternite-dans-les-relations-avec-les-medias\/","title":{"rendered":"La fraternit\u00e9 dans les relations avec les medias"},"content":{"rendered":"<p><img fetchpriority=\"high\" decoding=\"async\" class=\"alignnone wp-image-7006\" src=\"http:\/\/www.net-one.org\/wp-content\/uploads\/2023\/11\/IMG-20231119-WA0004-300x107.jpg\" alt=\"\" width=\"502\" height=\"179\" srcset=\"https:\/\/www.net-one.org\/wp-content\/uploads\/2023\/11\/IMG-20231119-WA0004-300x107.jpg 300w, https:\/\/www.net-one.org\/wp-content\/uploads\/2023\/11\/IMG-20231119-WA0004-1024x365.jpg 1024w, https:\/\/www.net-one.org\/wp-content\/uploads\/2023\/11\/IMG-20231119-WA0004-768x274.jpg 768w, https:\/\/www.net-one.org\/wp-content\/uploads\/2023\/11\/IMG-20231119-WA0004-1536x548.jpg 1536w, https:\/\/www.net-one.org\/wp-content\/uploads\/2023\/11\/IMG-20231119-WA0004.jpg 1600w\" sizes=\"(max-width: 502px) 100vw, 502px\" \/><\/p>\n<p><strong>23.11.2023<\/strong><\/p>\n<p><em>Les professionnels de la communication et des technologies de l&rsquo;information proposent la fraternit\u00e9 dans les relations avec les medias. Les repr\u00e9sentants de NetOne de tout le Br\u00e9sil annoncent de nouveaux projets.<\/em><\/p>\n<p>La r\u00e9union NetOne du samedi 18 novembre a montr\u00e9 aux participants pr\u00e9sents et en ligne comment travailler pour une communication qui apporte la fraternit\u00e9 \u00e0 la soci\u00e9t\u00e9. \u201cQui nous sommes et ce que nous voulons\u00a0\u00bb \u00e9tait le titre de l&rsquo;\u00e9v\u00e9nement.<br \/>\nLa pr\u00e9sentation de chaque participant a \u00e9t\u00e9 suivie d&rsquo;un entretien enregistr\u00e9 par le journaliste Lu\u00eds Henrique Marques avec la sociologue Vera Ara\u00fajo, l&rsquo;une des premi\u00e8res personnes \u00e0 avoir lanc\u00e9 cette proposition dans le domaine des sciences humaines. Vera, 83 ans, est l&rsquo;une des pionni\u00e8res br\u00e9siliennes du mouvement des Focolari (www.focolare.org\/pt), dont est issu NetOne.<img decoding=\"async\" class=\" wp-image-7011 alignright\" src=\"http:\/\/www.net-one.org\/wp-content\/uploads\/2023\/11\/IMG-20231119-WA00051-300x190.jpg\" alt=\"\" width=\"406\" height=\"257\" srcset=\"https:\/\/www.net-one.org\/wp-content\/uploads\/2023\/11\/IMG-20231119-WA00051-300x190.jpg 300w, https:\/\/www.net-one.org\/wp-content\/uploads\/2023\/11\/IMG-20231119-WA00051-768x486.jpg 768w, https:\/\/www.net-one.org\/wp-content\/uploads\/2023\/11\/IMG-20231119-WA00051.jpg 955w\" sizes=\"(max-width: 406px) 100vw, 406px\" \/><\/p>\n<p>L&rsquo;entretien a mis en \u00e9vidence l&rsquo;unit\u00e9 comme racine et valeur, et la diversit\u00e9 comme principe indispensable \u00e0 la coexistence humaine. La sociologie associe ces \u00e9l\u00e9ments \u00e0 \u00ab\u00a0l\u2019amour agapique\u00a0\u00bb (la volont\u00e9 de donner sa vie pour les autres).<\/p>\n<p><strong>Points \u00e0 remettre en question et \u00e0 promouvoir<\/strong><\/p>\n<p>Des points critiques de la communication sont apparus : relativisme \u00e9thique ; spectacularisation de la vie sans respect de la personne ; concurrence entre professionnels et entre groupes de m\u00e9dias ; surexposition de la sph\u00e8re priv\u00e9e sur les r\u00e9seaux.<br \/>\nDes aspects \u00e0 mettre en pratique ont \u00e9galement \u00e9t\u00e9 soulign\u00e9s : l&rsquo;\u00e9thique et la comp\u00e9tence comme conditions pr\u00e9alables \u00e0 la performance professionnelle ; la valorisation des faits positifs ; la centralit\u00e9 de l&rsquo;\u00eatre humain dans les productions m\u00e9diatiques et scientifiques et dans les relations professionnelles. \u00ab\u00a0C&rsquo;est vraiment une aventure qui nous rend plus humains\u00a0\u00bb, a soulign\u00e9 Vera Ara\u00fajo.<br \/>\nLes interventions ont \u00e9t\u00e9 suivies de rapports d&rsquo;exp\u00e9riences dans le sens sugg\u00e9r\u00e9 par la sociologue et d&rsquo;autres interventions en virtuel et en pr\u00e9sence. Les interventions ont mis l&rsquo;accent sur la n\u00e9cessit\u00e9 et l&rsquo;urgence de former des groupes et un r\u00e9seau de coexistence dans l&rsquo;unit\u00e9, la diversit\u00e9 et le respect de l&rsquo;individualit\u00e9.<br \/>\nLes participants \u00e9taient au nombre de cinq en pr\u00e9sence et de onze \u00e0 distance, parmi lesquels des professionnels de l&rsquo;informatique, de la radio et de la t\u00e9l\u00e9vision, des publicitaires et des journalistes, originaires de cinq \u00c9tats et de Brasilia, pr\u00e9sents dans les grands m\u00e9dias, dans la Revista Cidade Nova (des Focolari), dans les universit\u00e9s, dans le secteur public et dans le secteur priv\u00e9.<br \/>\nLa r\u00e9union s&rsquo;est d\u00e9roul\u00e9e de 10h00 \u00e0 12h00. L&rsquo;apr\u00e8s-midi, cinq membres de la commission nationale de NetOne ont planifi\u00e9, au si\u00e8ge des Focolari \u00e0 S\u00e3o Paulo, des ateliers de communication pour le Gen Fest 2024 (https:\/\/instagram.com\/genfest.official?igshid=OGQ5ZDc2ODk2ZA==), ainsi que le programme des activit\u00e9s de NetOne au Br\u00e9sil pour l&rsquo;ann\u00e9e prochaine.<br \/>\nAndr\u00e9aMoreira et Marcello RiellaBenites<\/p>\n","protected":false},"excerpt":{"rendered":"<p>23.11.2023 Les professionnels de la communication et des technologies de l&rsquo;information proposent la fraternit\u00e9 dans les relations avec les medias. Les repr\u00e9sentants de NetOne de tout le Br\u00e9sil annoncent de nouveaux projets. La r\u00e9union NetOne du samedi 18 novembre a montr\u00e9 aux participants pr\u00e9sents et en ligne comment travailler pour une communication qui apporte la [&hellip;]<\/p>\n","protected":false},"author":1,"featured_media":7003,"comment_status":"open","ping_status":"open","sticky":false,"template":"","format":"standard","meta":{"footnotes":""},"categories":[],"tags":[],"class_list":["post-7026","post","type-post","status-publish","format-standard","has-post-thumbnail","hentry","entry","has-media"],"aioseo_notices":[],"_links":{"self":[{"href":"https:\/\/www.net-one.org\/fr\/wp-json\/wp\/v2\/posts\/7026","targetHints":{"allow":["GET"]}}],"collection":[{"href":"https:\/\/www.net-one.org\/fr\/wp-json\/wp\/v2\/posts"}],"about":[{"href":"https:\/\/www.net-one.org\/fr\/wp-json\/wp\/v2\/types\/post"}],"author":[{"embeddable":true,"href":"https:\/\/www.net-one.org\/fr\/wp-json\/wp\/v2\/users\/1"}],"replies":[{"embeddable":true,"href":"https:\/\/www.net-one.org\/fr\/wp-json\/wp\/v2\/comments?post=7026"}],"version-history":[{"count":0,"href":"https:\/\/www.net-one.org\/fr\/wp-json\/wp\/v2\/posts\/7026\/revisions"}],"wp:featuredmedia":[{"embeddable":true,"href":"https:\/\/www.net-one.org\/fr\/wp-json\/wp\/v2\/media\/7003"}],"wp:attachment":[{"href":"https:\/\/www.net-one.org\/fr\/wp-json\/wp\/v2\/media?parent=7026"}],"wp:term":[{"taxonomy":"category","embeddable":true,"href":"https:\/\/www.net-one.org\/fr\/wp-json\/wp\/v2\/categories?post=7026"},{"taxonomy":"post_tag","embeddable":true,"href":"https:\/\/www.net-one.org\/fr\/wp-json\/wp\/v2\/tags?post=7026"}],"curies":[{"name":"wp","href":"https:\/\/api.w.org\/{rel}","templated":true}]}}