{"id":7273,"date":"2024-03-10T07:49:46","date_gmt":"2024-03-10T06:49:46","guid":{"rendered":"https:\/\/www.net-one.org\/synodalite-il-ny-a-de-veritable-communion-que-sil-y-a-communication\/"},"modified":"2025-02-27T23:36:29","modified_gmt":"2025-02-27T22:36:29","slug":"synodalite-il-ny-a-de-veritable-communion-que-sil-y-a-communication","status":"publish","type":"post","link":"https:\/\/www.net-one.org\/fr\/synodalite-il-ny-a-de-veritable-communion-que-sil-y-a-communication\/","title":{"rendered":"Synodalit\u00e9 : il n&rsquo;y a de v\u00e9ritable communion que s&rsquo;il y a communication"},"content":{"rendered":"<p><img fetchpriority=\"high\" decoding=\"async\" class=\"alignnone wp-image-7242\" src=\"https:\/\/www.net-one.org\/wp-content\/uploads\/2024\/03\/colorful-2468874_640-720x0-c-default-300x218.jpg\" alt=\"\" width=\"527\" height=\"383\" srcset=\"https:\/\/www.net-one.org\/wp-content\/uploads\/2024\/03\/colorful-2468874_640-720x0-c-default-300x218.jpg 300w, https:\/\/www.net-one.org\/wp-content\/uploads\/2024\/03\/colorful-2468874_640-720x0-c-default.jpg 720w\" sizes=\"(max-width: 527px) 100vw, 527px\" \/><\/p>\n<p><strong>10.03.2023<\/strong><\/p>\n<p><strong>Un atelier en ligne sur la communication et la synodalit\u00e9 a permis aux participants de faire l&rsquo;exp\u00e9rience de l&rsquo;\u00e9coute, du silence, du t\u00e9moignage et du partage, pour un parcours synodal de communicateurs.<\/strong><\/p>\n<p>Source :<a href=\"https:\/\/www.cittanuova.it\/sinodalita-ce-vera-comunione-solo-se-ce-comunicazione\/?ms=002&amp;se=004\">Citt\u00e0 Nuova <\/a><\/p>\n<p>\u00ab\u00a0La dynamique de la communication est constitutive de la vie et de la mission de l&rsquo;\u00c9glise, <strong>parce qu&rsquo;une \u00c9glise synodale est essentiellement une \u00c9glise de communion<\/strong>, qui devient r\u00e9elle lorsqu&rsquo;il y a <strong>communication des dons<\/strong> dont chacun est porteur, pour le bien commun. L&rsquo;\u00c9glise synodale est mission, et <strong>la mission devient r\u00e9elle lorsqu&rsquo;il y a une communication r\u00e9elle<\/strong> du don dont la communaut\u00e9 eccl\u00e9siale est la gardienne\u00a0\u00bb. <strong>Piero Coda, secr\u00e9taire de la Commission th\u00e9ologique internationale<\/strong>, a ouvert le web\/lab le 7 mars, intitul\u00e9 \u201cQuelle communication pour la synodalit\u00e9 ?\u201d<\/p>\n<p>Un atelier original destin\u00e9 aux journalistes, communicateurs, enseignants et \u00e9tudiants, promu par <strong>NetOne, Dicastere pour la communication, Secr\u00e9tariat g\u00e9n\u00e9ral du Synode, Vatican news, Sir Servizio informazione religiosa, Universit\u00e9 pontificale de la Sainte-Croix, WeCa Associazione WebCattolici Italiani, Citt\u00e0 Nuova publishing group.<\/strong><\/p>\n<p>En utilisant la m\u00e9thode de <strong>la conversation dans l&rsquo;Esprit<\/strong>, <strong>bas\u00e9e sur une \u00e9coute profonde, active et empathique, et sur le silence<\/strong> qui laisse place \u00e0 l&rsquo;action de <strong>l&rsquo;Esprit Saint<\/strong>, de nombreux experts et t\u00e9moins ont donn\u00e9 vie \u00e0 un dialogue constructif qui s&rsquo;est inspir\u00e9 des travaux de la premi\u00e8re session du synode sur la synodalit\u00e9, y compris les pauses silencieuses. Comme l&rsquo;a expliqu\u00e9 le pape Fran\u00e7ois \u00e0 l&rsquo;automne dernier, <strong>c&rsquo;est l&rsquo;Esprit Saint qui est le protagoniste du synode,<\/strong> qui met en harmonie toutes les diff\u00e9rences. <strong>Une harmonie qui n&rsquo;est pas une synth\u00e8se, mais qui est faite de liens de communion.<\/strong><\/p>\n<p>Les intervenants \u00e9taient <strong>Thierry Bonaventura<\/strong>, responsable de la communication du Secr\u00e9tariat g\u00e9n\u00e9ral du Synode ; <strong>Mgr Brendan Leahy<\/strong>, \u00e9v\u00eaque membre de l&rsquo;Assembl\u00e9e synodale ; <strong>Isabel Gatti<\/strong>, coordinatrice internationale de NetOne ; <strong>Mgr Lucio Adrian Ruiz<\/strong>, secr\u00e9taire du Dicast\u00e8re pour la communication ; <strong>Giovanni Tridente<\/strong>, directeur de la communication de l&rsquo;Universit\u00e9 pontificale de la Sainte-Croix, et <strong>Liliane Mugombozi<\/strong>, journaliste de la R\u00e9publique D\u00e9mocratique du Congo. <strong>Enrico Selleri, de Tv2000 et Radio InBlu2000<\/strong>, s&rsquo;est \u00e9galement exprim\u00e9 dans une vid\u00e9o. <strong>Fabio Bolzetta<\/strong>, pr\u00e9sident de l&rsquo;Association des webcatholiques italiens (WECA), et <strong>Sara Fornaro<\/strong>, r\u00e9dactrice en chef de la revue Citt\u00e0 Nuova, ont anim\u00e9 les d\u00e9bats.<\/p>\n<p>L&rsquo;\u00e9v\u00e9nement du 7 mars a \u00e9t\u00e9 une \u00e9tape publique d&rsquo;un parcours qui a commenc\u00e9 il y a un an gr\u00e2ce \u00e0 une intuition du r\u00e9seau <strong>NetOne des communicateurs du mouvement des Focolari<\/strong>, qui a donn\u00e9 naissance \u00e0 un parcours synodal de plus en plus partag\u00e9, o\u00f9 <strong>tous sont responsables et promoteurs. Tous appel\u00e9s. Tous t\u00e9moins.<\/strong><\/p>\n<p><img decoding=\"async\" class=\"alignnone wp-image-7247\" src=\"https:\/\/www.net-one.org\/wp-content\/uploads\/2024\/03\/Contatti-laboratorio-sinodalita-300x172.jpg\" alt=\"\" width=\"462\" height=\"265\" srcset=\"https:\/\/www.net-one.org\/wp-content\/uploads\/2024\/03\/Contatti-laboratorio-sinodalita-300x172.jpg 300w, https:\/\/www.net-one.org\/wp-content\/uploads\/2024\/03\/Contatti-laboratorio-sinodalita-1024x589.jpg 1024w, https:\/\/www.net-one.org\/wp-content\/uploads\/2024\/03\/Contatti-laboratorio-sinodalita-768x442.jpg 768w, https:\/\/www.net-one.org\/wp-content\/uploads\/2024\/03\/Contatti-laboratorio-sinodalita.jpg 1341w\" sizes=\"(max-width: 462px) 100vw, 462px\" \/><\/p>\n<p>Il y a eu des rencontres mensuelles, de l&rsquo;\u00e9coute, du partage avec de plus en plus de participants et de t\u00e9moins. Aujourd&rsquo;hui, le r\u00e9seau s&rsquo;\u00e9largit et le voyage continue. <strong>Les journalistes, les communicateurs, les universitaires et les \u00e9tudiants en communication qui souhaitent participer peuvent \u00e9crire \u00e0 net4synodcom@gmail.com ou suivre la page Facebook du R\u00e9seau synodal de communication.<\/strong><\/p>\n<p>Sara Fornaro<\/p>\n","protected":false},"excerpt":{"rendered":"<p>10.03.2023 Un atelier en ligne sur la communication et la synodalit\u00e9 a permis aux participants de faire l&rsquo;exp\u00e9rience de l&rsquo;\u00e9coute, du silence, du t\u00e9moignage et du partage, pour un parcours synodal de communicateurs. Source :Citt\u00e0 Nuova \u00ab\u00a0La dynamique de la communication est constitutive de la vie et de la mission de l&rsquo;\u00c9glise, parce qu&rsquo;une \u00c9glise [&hellip;]<\/p>\n","protected":false},"author":1,"featured_media":7267,"comment_status":"open","ping_status":"open","sticky":false,"template":"","format":"standard","meta":{"footnotes":""},"categories":[],"tags":[],"class_list":["post-7273","post","type-post","status-publish","format-standard","has-post-thumbnail","hentry","entry","has-media"],"aioseo_notices":[],"_links":{"self":[{"href":"https:\/\/www.net-one.org\/fr\/wp-json\/wp\/v2\/posts\/7273","targetHints":{"allow":["GET"]}}],"collection":[{"href":"https:\/\/www.net-one.org\/fr\/wp-json\/wp\/v2\/posts"}],"about":[{"href":"https:\/\/www.net-one.org\/fr\/wp-json\/wp\/v2\/types\/post"}],"author":[{"embeddable":true,"href":"https:\/\/www.net-one.org\/fr\/wp-json\/wp\/v2\/users\/1"}],"replies":[{"embeddable":true,"href":"https:\/\/www.net-one.org\/fr\/wp-json\/wp\/v2\/comments?post=7273"}],"version-history":[{"count":2,"href":"https:\/\/www.net-one.org\/fr\/wp-json\/wp\/v2\/posts\/7273\/revisions"}],"predecessor-version":[{"id":7281,"href":"https:\/\/www.net-one.org\/fr\/wp-json\/wp\/v2\/posts\/7273\/revisions\/7281"}],"wp:featuredmedia":[{"embeddable":true,"href":"https:\/\/www.net-one.org\/fr\/wp-json\/wp\/v2\/media\/7267"}],"wp:attachment":[{"href":"https:\/\/www.net-one.org\/fr\/wp-json\/wp\/v2\/media?parent=7273"}],"wp:term":[{"taxonomy":"category","embeddable":true,"href":"https:\/\/www.net-one.org\/fr\/wp-json\/wp\/v2\/categories?post=7273"},{"taxonomy":"post_tag","embeddable":true,"href":"https:\/\/www.net-one.org\/fr\/wp-json\/wp\/v2\/tags?post=7273"}],"curies":[{"name":"wp","href":"https:\/\/api.w.org\/{rel}","templated":true}]}}