{"id":7390,"date":"2024-05-25T22:26:09","date_gmt":"2024-05-25T20:26:09","guid":{"rendered":"https:\/\/www.net-one.org\/netone-la-paix-et-le-dialogue-comme-methodologie-ensemble-pour-lhumanite\/"},"modified":"2024-08-30T16:59:45","modified_gmt":"2024-08-30T14:59:45","slug":"netone-la-paix-et-le-dialogue-comme-methodologie-ensemble-pour-lhumanite","status":"publish","type":"post","link":"https:\/\/www.net-one.org\/fr\/netone-la-paix-et-le-dialogue-comme-methodologie-ensemble-pour-lhumanite\/","title":{"rendered":"NetOne: La paix et le dialogue comme m\u00e9thodologie : \u00ab Ensemble pour l\u2019humanit\u00e9 \u00bb"},"content":{"rendered":"<div class=\"cz_post_content clr\">\n<p><em>Du 16 au 19 mai 2024, au Centre Mariapolis de Castel Gandolfo (Rome), s\u2019est d\u00e9roul\u00e9e la rencontre internationale \u00ab\u00a0\u00c0 l\u2019\u00e9coute du cri de l\u2019humanit\u00e9\u00a0\u00bb, \u00e0 laquelle ont particip\u00e9 diverses instances du mouvement des Focolari \u0153uvrant dans le social, ainsi que de nombreux jeunes issus de milieux diff\u00e9rents. L\u2019objectif : se former au dialogue et \u00e0 la paix.<\/em><\/p>\n<p>\u00ab\u00a0Embrasser l\u2019espoir\u00a0\u00bb. C\u2019est avec ce souhait qu\u2019environ 200 personnes venues des Am\u00e9riques, d\u2019Afrique, du Moyen-Orient, d\u2019Asie et de toute l\u2019Europe se sont retrouv\u00e9es au Centre Mariapolis de Castel Gandolfo (Rome) du 16 au 19 mai.<\/p>\n<p><img fetchpriority=\"high\" decoding=\"async\" class=\"alignright wp-image-262590\" src=\"https:\/\/www.focolare.org\/wp-content\/uploads\/2024\/05\/DSC_0988-510x340.jpg\" sizes=\"(max-width: 300px) 100vw, 300px\" srcset=\"https:\/\/www.focolare.org\/wp-content\/uploads\/2024\/05\/DSC_0988-510x340.jpg 510w, https:\/\/www.focolare.org\/wp-content\/uploads\/2024\/05\/DSC_0988-768x512.jpg 768w, https:\/\/www.focolare.org\/wp-content\/uploads\/2024\/05\/DSC_0988-1536x1024.jpg 1536w, https:\/\/www.focolare.org\/wp-content\/uploads\/2024\/05\/DSC_0988-2048x1365.jpg 2048w, https:\/\/www.focolare.org\/wp-content\/uploads\/2024\/05\/DSC_0988-600x400.jpg 600w\" alt=\"\" width=\"300\" height=\"200\" \/>Il s\u2019agit des responsables du mouvement\u00a0<strong>Humanit\u00e9 nouvelle<\/strong>, l\u2019antenne sociale du mouvement des Focolari, de l\u2019ONG\u00a0<a href=\"https:\/\/www.new-humanity.org\/\"><strong>New Humanity<\/strong><\/a>\u00a0, dot\u00e9e d\u2019un statut consultatif aupr\u00e8s des Nations Unies, ainsi que des repr\u00e9sentants des disciplines qui dialoguent avec la culture contemporaine, des animateurs de\u00a0<a href=\"https:\/\/www.teens4unity.org\/\"><strong>Ragazzi per l\u2019unit\u00e0<\/strong><\/a>\u00a0<em>(Juniors pour un Monde Uni)\u00a0<\/em>et de\u00a0<a href=\"https:\/\/www.amu-it.eu\/\"><strong>AMU<\/strong><\/a>\u00a0<em>(Action United World),<\/em>\u00a0l\u2019ONG qui s\u2019occupe de projets sp\u00e9cifiques en faveur du d\u00e9veloppement.<\/p>\n<p>Une d\u00e9l\u00e9gation de tr\u00e8s jeunes lyc\u00e9ens adh\u00e9rant \u00e0\u00a0<a href=\"http:\/\/livingpeaceinternational.org\/it\/\"><strong>Living Peace International<\/strong><\/a>\u00a0\u00e9tait \u00e9galement pr\u00e9sente, ainsi que de jeunes ambassadeurs de la paix, comme Joseph, de la Sierra Leone, qui a racont\u00e9 comment, \u00e0 l\u2019\u00e2ge de six ans seulement, il a \u00e9t\u00e9 recrut\u00e9 comme enfant soldat et est devenu aujourd\u2019hui un jeune leader de la paix.<\/p>\n<p><img decoding=\"async\" class=\"alignleft wp-image-262587\" src=\"https:\/\/www.focolare.org\/wp-content\/uploads\/2024\/05\/DSC_0723-510x340.jpg\" sizes=\"(max-width: 300px) 100vw, 300px\" srcset=\"https:\/\/www.focolare.org\/wp-content\/uploads\/2024\/05\/DSC_0723-510x340.jpg 510w, https:\/\/www.focolare.org\/wp-content\/uploads\/2024\/05\/DSC_0723-768x512.jpg 768w, https:\/\/www.focolare.org\/wp-content\/uploads\/2024\/05\/DSC_0723-1536x1024.jpg 1536w, https:\/\/www.focolare.org\/wp-content\/uploads\/2024\/05\/DSC_0723-2048x1365.jpg 2048w, https:\/\/www.focolare.org\/wp-content\/uploads\/2024\/05\/DSC_0723-600x400.jpg 600w\" alt=\"\" width=\"300\" height=\"200\" \/>Depuis quelque temps, ces diff\u00e9rentes expressions sociales \u2013 chacune avec ses caract\u00e9ristiques et ses objectifs propres \u2013 travaillent ensemble pour contribuer \u00e0 apporter une r\u00e9ponse concr\u00e8te aux questions br\u00fblantes et aux attentes du monde contemporain :\u00a0<em>\u00ab\u00a0Ensemble pour l\u2019humanit\u00e9\u00a0\u00bb<\/em>\u00a0est leur nouvelle appellation. Reprenant l\u2019invitation du Pape \u00e0\u00a0<em>\u00ab\u00a0\u00eatre artisans de paix dans un monde d\u00e9chir\u00e9 par les conflits\u00a0\u00bb<\/em>, adress\u00e9e au mouvement des Focolari \u00e0 l\u2019occasion de l\u2019audience priv\u00e9e du 7 d\u00e9cembre 2023, elles ont voulu d\u00e9dier cette rencontre pr\u00e9cis\u00e9ment \u00e0 la paix.<\/p>\n<p>Une exp\u00e9rience d\u2019\u00e9coute, de r\u00e9flexion commune et de planification concr\u00e8te, r\u00e9alis\u00e9e dans les huit groupes r\u00e9partis par domaines et centres d\u2019int\u00e9r\u00eat. Un parcours qui se poursuivra avec le Genfest au Br\u00e9sil en juillet prochain, rejoindra l\u2019esprit du Sommet de l\u2019ONU pour le Futur en septembre 2024 et le rendez-vous de Nairobi avec les jeunes et les villes du monde, \u00e0 l\u2019occasion du 80\u00e8me anniversaire des Nations Unies. Au cours de la rencontre, les personnes pr\u00e9sentes, avec l\u2019aide d\u2019experts et de t\u00e9moins, d\u2019enseignants, de diplomates, d\u2019acteurs sociaux et culturels, de citoyens organis\u00e9s, se sont interrog\u00e9es sur ce qu\u2019est la paix, s\u2019il est vraiment possible de l\u2019atteindre et par quels moyens.<\/p>\n<p><img decoding=\"async\" class=\"alignright wp-image-262588\" src=\"https:\/\/www.focolare.org\/wp-content\/uploads\/2024\/05\/DSC_0731-510x340.jpg\" sizes=\"(max-width: 300px) 100vw, 300px\" srcset=\"https:\/\/www.focolare.org\/wp-content\/uploads\/2024\/05\/DSC_0731-510x340.jpg 510w, https:\/\/www.focolare.org\/wp-content\/uploads\/2024\/05\/DSC_0731-768x512.jpg 768w, https:\/\/www.focolare.org\/wp-content\/uploads\/2024\/05\/DSC_0731-1536x1024.jpg 1536w, https:\/\/www.focolare.org\/wp-content\/uploads\/2024\/05\/DSC_0731-2048x1365.jpg 2048w, https:\/\/www.focolare.org\/wp-content\/uploads\/2024\/05\/DSC_0731-600x400.jpg 600w\" alt=\"\" width=\"300\" height=\"200\" \/>Les exp\u00e9riences de pays en conflit ont \u00e9t\u00e9 nombreuses et touchantes. Les Syriens ont racont\u00e9 la duret\u00e9 de la guerre qu\u2019ils vivent depuis 2011, aggrav\u00e9e par l\u2019embargo qui touche une population \u00e9puis\u00e9e. Les projets d\u2019AMU tels que RESTART, qui soutient les micro-entreprises par des pr\u00eats et un accompagnement personnalis\u00e9, ont contribu\u00e9 \u00e0 ralentir les processus constants de migration. Christiane, du Liban, malgr\u00e9 la situation de son pays, caract\u00e9ris\u00e9e par une inflation tr\u00e8s \u00e9lev\u00e9e et un fort taux d\u2019\u00e9migration aggrav\u00e9 par les impacts de la guerre au Moyen-Orient, n\u2019a pas baiss\u00e9 les bras : elle a cr\u00e9\u00e9 une entreprise de production avec son mari pour soutenir sa famille et aider d\u2019autres artisans et producteurs ruraux \u00e0 vendre leurs produits. L\u2019initiative de production s\u2019est \u00e9galement \u00e9tendue \u00e0 l\u2019\u00c9gypte. Le Congo, a pr\u00e9sent\u00e9 les fruits de l\u2019\u00e9cole de formation des leaders pour la paix. Dipl\u00f4m\u00e9e de cette \u00e9cole, Jo\u00eblle, journaliste et candidate \u00e0 la pr\u00e9sidence de la R\u00e9publique du Congo, a lanc\u00e9 son programme pr\u00e9sidentiel ax\u00e9 sur les valeurs de paix et de justice sociale. Des jeunes Ukrainiens ont salu\u00e9 les participants avec une vid\u00e9o, ainsi que des jeunes de Bethl\u00e9em, du Pakistan, de Cuba et des Philippines. Le projet \u00ab\u00a0Ensemble pour une\u00a0<img loading=\"lazy\" decoding=\"async\" class=\"alignleft wp-image-262589\" src=\"https:\/\/www.focolare.org\/wp-content\/uploads\/2024\/05\/DSC_0963-510x340.jpg\" sizes=\"(max-width: 300px) 100vw, 300px\" srcset=\"https:\/\/www.focolare.org\/wp-content\/uploads\/2024\/05\/DSC_0963-510x340.jpg 510w, https:\/\/www.focolare.org\/wp-content\/uploads\/2024\/05\/DSC_0963-768x512.jpg 768w, https:\/\/www.focolare.org\/wp-content\/uploads\/2024\/05\/DSC_0963-1536x1024.jpg 1536w, https:\/\/www.focolare.org\/wp-content\/uploads\/2024\/05\/DSC_0963-2048x1365.jpg 2048w, https:\/\/www.focolare.org\/wp-content\/uploads\/2024\/05\/DSC_0963-600x400.jpg 600w\" alt=\"\" width=\"300\" height=\"200\" \/>nouvelle Afrique\u00a0\u00bb a \u00e9t\u00e9 pr\u00e9sent\u00e9, destin\u00e9 aux jeunes Africains d\u00e9sireux de changer le continent : des centaines de jeunes ont \u00e9t\u00e9 form\u00e9s et 9000 autres impliqu\u00e9s dans une exp\u00e9rience qui a touch\u00e9 14 nations africaines. La m\u00eame chose se fait au Mexique avec l\u2019Agenda national pour la paix, aux \u00c9tats-Unis avec des d\u00e9bats courageux contre le racisme.<\/p>\n<p>Il faut une v\u00e9ritable \u00e9ducation \u00e0 la paix et aux droits de l\u2019homme, ainsi que la n\u00e9cessit\u00e9 de donner un nom aux conflits, d\u2019en approfondir les raisons, d\u2019essayer de les r\u00e9soudre avec une strat\u00e9gie communautaire qui \u00e9coute les positions diff\u00e9rentes et plurielles et qui pr\u00e9c\u00e8de et accompagne toute n\u00e9gociation. On a dit que la paix n\u2019est pas seulement l\u2019absence de guerre. Tout ce qui est d\u00e9fini comme ordre ne rel\u00e8ve pas forc\u00e9ment de la paix. Ce n\u2019est pas un fait id\u00e9ologique : ce n\u2019est pas le pacifisme. C\u2019est la condition dans laquelle chaque personne peut penser et r\u00e9aliser son avenir. Mais il faut apprendre le dialogue comme m\u00e9thodologie, en acceptant de perdre quelque chose pour un plus grand bien. Apr\u00e8s tout, c\u2019est la raison pour laquelle les n\u00e9gociations ne progressent peut-\u00eatre pas et que m\u00eame les organisations internationales ne semblent pas en mesure de g\u00e9rer la crise. Dialogue, confiance, r\u00e9seaux locaux et mondiaux, liens entre g\u00e9n\u00e9rations, communaut\u00e9. Nous partons de ces mots cl\u00e9s, encourag\u00e9s \u00e9galement par Margaret Karram et Jes\u00fas Mor\u00e1n, Pr\u00e9sidente et Copr\u00e9sident du Mouvement des Focolari, pr\u00e9sents lors de la derni\u00e8re journ\u00e9e. C\u2019est le chemin de la paix, auquel nous voulons contribuer concr\u00e8tement et ensemble.<\/p>\n<p><em>Mario Bruno<br \/>\nPhoto \u00a9 Mat\u00edas Blanco<\/em><\/p>\n<p><img loading=\"lazy\" decoding=\"async\" class=\"aligncenter size-full wp-image-262591\" src=\"https:\/\/www.focolare.org\/wp-content\/uploads\/2024\/05\/DSC_1003-scaled-e1716539470378.jpg\" sizes=\"(max-width: 2534px) 100vw, 2534px\" srcset=\"https:\/\/www.focolare.org\/wp-content\/uploads\/2024\/05\/DSC_1003-scaled-e1716539470378.jpg 2534w, https:\/\/www.focolare.org\/wp-content\/uploads\/2024\/05\/DSC_1003-scaled-e1716539470378-711x340.jpg 711w, https:\/\/www.focolare.org\/wp-content\/uploads\/2024\/05\/DSC_1003-scaled-e1716539470378-768x367.jpg 768w, https:\/\/www.focolare.org\/wp-content\/uploads\/2024\/05\/DSC_1003-scaled-e1716539470378-1536x734.jpg 1536w, https:\/\/www.focolare.org\/wp-content\/uploads\/2024\/05\/DSC_1003-scaled-e1716539470378-2048x979.jpg 2048w, https:\/\/www.focolare.org\/wp-content\/uploads\/2024\/05\/DSC_1003-scaled-e1716539470378-600x287.jpg 600w\" alt=\"\" width=\"2534\" height=\"1211\" \/><\/p>\n<\/div>\n<div class=\"clr mt40 relative \">\n<p class=\"cz_post_date cz_post_cat mr10\" title=\"Published on\">\n<\/div>\n","protected":false},"excerpt":{"rendered":"<p>Du 16 au 19 mai 2024, au Centre Mariapolis de Castel Gandolfo (Rome), s\u2019est d\u00e9roul\u00e9e la rencontre internationale \u00ab\u00a0\u00c0 l\u2019\u00e9coute du cri de l\u2019humanit\u00e9\u00a0\u00bb, \u00e0 laquelle ont particip\u00e9 diverses instances du mouvement des Focolari \u0153uvrant dans le social, ainsi que de nombreux jeunes issus de milieux diff\u00e9rents. L\u2019objectif : se former au dialogue et \u00e0 [&hellip;]<\/p>\n","protected":false},"author":1,"featured_media":7364,"comment_status":"open","ping_status":"open","sticky":false,"template":"","format":"standard","meta":{"footnotes":""},"categories":[],"tags":[],"class_list":["post-7390","post","type-post","status-publish","format-standard","has-post-thumbnail","hentry","entry","has-media"],"aioseo_notices":[],"_links":{"self":[{"href":"https:\/\/www.net-one.org\/fr\/wp-json\/wp\/v2\/posts\/7390","targetHints":{"allow":["GET"]}}],"collection":[{"href":"https:\/\/www.net-one.org\/fr\/wp-json\/wp\/v2\/posts"}],"about":[{"href":"https:\/\/www.net-one.org\/fr\/wp-json\/wp\/v2\/types\/post"}],"author":[{"embeddable":true,"href":"https:\/\/www.net-one.org\/fr\/wp-json\/wp\/v2\/users\/1"}],"replies":[{"embeddable":true,"href":"https:\/\/www.net-one.org\/fr\/wp-json\/wp\/v2\/comments?post=7390"}],"version-history":[{"count":1,"href":"https:\/\/www.net-one.org\/fr\/wp-json\/wp\/v2\/posts\/7390\/revisions"}],"predecessor-version":[{"id":7571,"href":"https:\/\/www.net-one.org\/fr\/wp-json\/wp\/v2\/posts\/7390\/revisions\/7571"}],"wp:featuredmedia":[{"embeddable":true,"href":"https:\/\/www.net-one.org\/fr\/wp-json\/wp\/v2\/media\/7364"}],"wp:attachment":[{"href":"https:\/\/www.net-one.org\/fr\/wp-json\/wp\/v2\/media?parent=7390"}],"wp:term":[{"taxonomy":"category","embeddable":true,"href":"https:\/\/www.net-one.org\/fr\/wp-json\/wp\/v2\/categories?post=7390"},{"taxonomy":"post_tag","embeddable":true,"href":"https:\/\/www.net-one.org\/fr\/wp-json\/wp\/v2\/tags?post=7390"}],"curies":[{"name":"wp","href":"https:\/\/api.w.org\/{rel}","templated":true}]}}