{"id":8077,"date":"2025-05-15T03:46:36","date_gmt":"2025-05-15T01:46:36","guid":{"rendered":"https:\/\/www.net-one.org\/semaine-monde-uni\/"},"modified":"2025-05-27T01:33:05","modified_gmt":"2025-05-26T23:33:05","slug":"semaine-monde-uni","status":"publish","type":"post","link":"https:\/\/www.net-one.org\/fr\/semaine-monde-uni\/","title":{"rendered":"Semaine Monde Uni"},"content":{"rendered":"<p><span style=\"font-weight: 400;\" data-mce-style=\"font-weight: 400;\"><img decoding=\"async\" class=\"size-thumbnail wp-image-8040 alignleft\" src=\"https:\/\/www.net-one.org\/wp-content\/uploads\/2025\/05\/sitio-150x150.jpg\" alt=\"\" width=\"150\" height=\"150\" data-mce-src=\"https:\/\/www.net-one.org\/wp-content\/uploads\/2025\/05\/sitio-150x150.jpg\" srcset=\"https:\/\/www.net-one.org\/wp-content\/uploads\/2025\/05\/sitio-150x150.jpg 150w, https:\/\/www.net-one.org\/wp-content\/uploads\/2025\/05\/sitio-300x298.jpg 300w, https:\/\/www.net-one.org\/wp-content\/uploads\/2025\/05\/sitio.jpg 411w\" sizes=\"(max-width: 150px) 100vw, 150px\" \/><\/span><\/p>\n<p>NetOne a pris part \u00e0 la Semaine Monde Uni 2025 en organisant quatre webinaires dans diverses r\u00e9gions du globe, sous le th\u00e8me g\u00e9n\u00e9ral : Communication et espoir. Ces initiatives ont \u00e9t\u00e9 accompagn\u00e9es de plusieurs ateliers au Br\u00e9sil sur le sujet de la Communication.<\/p>\n<p>Le voyage a d\u00e9but\u00e9 au Br\u00e9sil le week-end du 2 au 4 mai. Lu\u00eds Henrique Marques, journaliste br\u00e9silien et membre de la commission internationale de NetOne, a anim\u00e9 des ateliers \u00e0 S\u00e3o Paulo, au Br\u00e9sil, pour diff\u00e9rents groupes du mouvement des Focolari. Le th\u00e8me principal \u00e9tait \u00ab La communication \u00e0 la lumi\u00e8re du charisme de l&rsquo;unit\u00e9 \u00bb, adapt\u00e9 aux jeunes, aux adultes et aux personnes \u00e2g\u00e9es. Les principes de communication de Chiara Lubich, la communication dialogique ainsi que l&rsquo;utilisation de WhatsApp et des r\u00e9seaux sociaux ont \u00e9t\u00e9 abord\u00e9s. Ces rencontres ont encourag\u00e9 le dialogue et l&rsquo;\u00e9change entre tous.<\/p>\n<p>La Semaine Monde Uni a continu\u00e9 le mardi 6 mai, d\u00e9di\u00e9e sp\u00e9cifiquement aux int\u00e9r\u00eats de la communaut\u00e9 de la communication, form\u00e9e lors de la rencontre internationale de jeunes Genfest 2024, qui s&rsquo;est d\u00e9roul\u00e9e \u00e0 Aparecida, au Br\u00e9sil.<\/p>\n<p>Ce jour-l\u00e0, nous avons commenc\u00e9 notre tour du monde avec des webinaires, en commen\u00e7ant aux Philippines par la pr\u00e9sentation du livre : Journeys of Hope (Voyages de l&rsquo;espoir) du journaliste Rom\u00e8 Vital. Cette publication compile les r\u00e9cits de personnes ayant r\u00e9ussi \u00e0 surmonter la toxicomanie gr\u00e2ce aux propositions de r\u00e9tablissement offertes par la Fazenda da Esperan\u00e7a. Tous les participants ont exprim\u00e9 leur gratitude pour le livre, tant pour son contenu que pour sa pr\u00e9sentation, et ont soulign\u00e9 l&rsquo;importance cruciale de rendre ces histoires visibles afin de mieux soutenir les personnes touch\u00e9es par ce probl\u00e8me.<\/p>\n<p><span style=\"font-weight: 400;\" data-mce-style=\"font-weight: 400;\">La giornata \u00e8 proseguita in Kenya, dove ha avuto luogo uno scambio tra i Giovani per un mondo unito e la You<\/span>nib Organization sul tema: <i>\u00ab\u00a0Communication and Our Role in Building a United World\u00a0\u00bb<\/i>. Con i giovani, era presente Magdalene Kasuku Journalist of Radio.<img decoding=\"async\" class=\"wp-image-8055 size-medium alignright\" style=\"text-align: right;\" src=\"https:\/\/www.net-one.org\/wp-content\/uploads\/2025\/05\/WhatsApp-Image-2025-05-06-at-14.43.17-1-300x163.jpeg\" alt=\"\" width=\"300\" height=\"163\" data-mce-src=\"https:\/\/www.net-one.org\/wp-content\/uploads\/2025\/05\/WhatsApp-Image-2025-05-06-at-14.43.17-1-300x163.jpeg\" data-mce-style=\"text-align: right;\"><\/p>\n<p style=\"text-align: left;\" data-mce-style=\"text-align: left;\">Simultan\u00e9ment, une table ronde a \u00e9t\u00e9 tenue au Liban sur le sujet de l&rsquo;\u00e9thique dans la communication : L&rsquo;\u00e9thique dans la communication. Marianne Najn, ing\u00e9nieure en logiciel, a expos\u00e9 le projet d&rsquo;un serment \u00e9thique destin\u00e9 aux professionnels du num\u00e9rique : le Serment num\u00e9rique. Parall\u00e8lement, Guy Constant Ehoumi (B\u00e9nin), journaliste, a partag\u00e9 une r\u00e9flexion g\u00e9n\u00e9rale fond\u00e9e sur son parcours professionnel, en mettant l&rsquo;accent sur ses deux mandats en tant que pr\u00e9sident de l&rsquo;Observatoire de la d\u00e9ontologie et de l&rsquo;\u00e9thique dans les m\u00e9dias de 2012 \u00e0 2019 au B\u00e9nin<\/p>\n<p><span style=\"font-weight: 400;\" data-mce-style=\"font-weight: 400;\"><img fetchpriority=\"high\" decoding=\"async\" class=\"alignleft wp-image-8060 size-medium\" src=\"https:\/\/www.net-one.org\/wp-content\/uploads\/2025\/05\/WhatsApp-Image-2025-05-06-at-18.28.12-300x169.jpeg\" alt=\"\" width=\"300\" height=\"169\" data-mce-src=\"https:\/\/www.net-one.org\/wp-content\/uploads\/2025\/05\/WhatsApp-Image-2025-05-06-at-18.28.12-300x169.jpeg\" srcset=\"https:\/\/www.net-one.org\/wp-content\/uploads\/2025\/05\/WhatsApp-Image-2025-05-06-at-18.28.12-300x169.jpeg 300w, https:\/\/www.net-one.org\/wp-content\/uploads\/2025\/05\/WhatsApp-Image-2025-05-06-at-18.28.12-1024x576.jpeg 1024w, https:\/\/www.net-one.org\/wp-content\/uploads\/2025\/05\/WhatsApp-Image-2025-05-06-at-18.28.12-768x432.jpeg 768w, https:\/\/www.net-one.org\/wp-content\/uploads\/2025\/05\/WhatsApp-Image-2025-05-06-at-18.28.12.jpeg 1366w\" sizes=\"(max-width: 300px) 100vw, 300px\" \/><\/span><\/p>\n<p>La journ\u00e9e s&rsquo;est conclue en Argentine, o\u00f9 la journaliste Laura Carbonari de Mendoza a pr\u00e9sent\u00e9 son exp\u00e9rience et sa r\u00e9flexion sur le th\u00e8me \u00ab La communication en tant que pont : Comment les m\u00e9dias peuvent unir les organisations \u00e0 leur public \u00bb. Elle a \u00e9t\u00e9 suivie par une pr\u00e9sentation de l&rsquo;exp\u00e9rience de la communaut\u00e9 de communication de l&rsquo;UWP, anim\u00e9e par Anita Tano de Rosario-Argentine, communicatrice sociale et gestionnaire de cet espace.<\/p>\n<p><span style=\"font-weight: 400;\" data-mce-style=\"font-weight: 400;\"><br \/><\/span><\/p>\n","protected":false},"excerpt":{"rendered":"<p>NetOne a pris part \u00e0 la Semaine Monde Uni 2025 en organisant quatre webinaires dans diverses r\u00e9gions du globe, sous le th\u00e8me g\u00e9n\u00e9ral : Communication et espoir. Ces initiatives ont \u00e9t\u00e9 accompagn\u00e9es de plusieurs ateliers au Br\u00e9sil sur le sujet de la Communication. Le voyage a d\u00e9but\u00e9 au Br\u00e9sil le week-end du 2 au 4 [&hellip;]<\/p>\n","protected":false},"author":1,"featured_media":8042,"comment_status":"open","ping_status":"open","sticky":false,"template":"","format":"standard","meta":{"footnotes":""},"categories":[],"tags":[],"class_list":["post-8077","post","type-post","status-publish","format-standard","has-post-thumbnail","hentry","entry","has-media"],"aioseo_notices":[],"_links":{"self":[{"href":"https:\/\/www.net-one.org\/fr\/wp-json\/wp\/v2\/posts\/8077","targetHints":{"allow":["GET"]}}],"collection":[{"href":"https:\/\/www.net-one.org\/fr\/wp-json\/wp\/v2\/posts"}],"about":[{"href":"https:\/\/www.net-one.org\/fr\/wp-json\/wp\/v2\/types\/post"}],"author":[{"embeddable":true,"href":"https:\/\/www.net-one.org\/fr\/wp-json\/wp\/v2\/users\/1"}],"replies":[{"embeddable":true,"href":"https:\/\/www.net-one.org\/fr\/wp-json\/wp\/v2\/comments?post=8077"}],"version-history":[{"count":1,"href":"https:\/\/www.net-one.org\/fr\/wp-json\/wp\/v2\/posts\/8077\/revisions"}],"predecessor-version":[{"id":8078,"href":"https:\/\/www.net-one.org\/fr\/wp-json\/wp\/v2\/posts\/8077\/revisions\/8078"}],"wp:featuredmedia":[{"embeddable":true,"href":"https:\/\/www.net-one.org\/fr\/wp-json\/wp\/v2\/media\/8042"}],"wp:attachment":[{"href":"https:\/\/www.net-one.org\/fr\/wp-json\/wp\/v2\/media?parent=8077"}],"wp:term":[{"taxonomy":"category","embeddable":true,"href":"https:\/\/www.net-one.org\/fr\/wp-json\/wp\/v2\/categories?post=8077"},{"taxonomy":"post_tag","embeddable":true,"href":"https:\/\/www.net-one.org\/fr\/wp-json\/wp\/v2\/tags?post=8077"}],"curies":[{"name":"wp","href":"https:\/\/api.w.org\/{rel}","templated":true}]}}