{"id":8104,"date":"2025-07-22T17:33:30","date_gmt":"2025-07-22T15:33:30","guid":{"rendered":"https:\/\/www.net-one.org\/le-jubile-des-missionnaires-numeriques-pour-une-eglise-qui-sadresse-a-tous\/"},"modified":"2025-07-22T17:40:21","modified_gmt":"2025-07-22T15:40:21","slug":"le-jubile-des-missionnaires-numeriques-pour-une-eglise-qui-sadresse-a-tous","status":"publish","type":"post","link":"https:\/\/www.net-one.org\/fr\/le-jubile-des-missionnaires-numeriques-pour-une-eglise-qui-sadresse-a-tous\/","title":{"rendered":"Le Jubil\u00e9 des missionnaires num\u00e9riques pour une \u00c9glise qui s&rsquo;adresse \u00e0 tous"},"content":{"rendered":"<p>Source : Citta Nuova par <strong>Sara Fornaro 1<\/strong>1 juillet 2025<\/p>\n<p>Les 28 et 29 juillet prochains aura lieu le Jubil\u00e9 des missionnaires num\u00e9riques et des influenceurs catholiques : une occasion pour l&rsquo;\u00c9glise de pr\u00e9senter le Christ au monde, comme l&rsquo;a d\u00e9clar\u00e9 Mgr Ruiz, secr\u00e9taire du Dicast\u00e8re pour la communication du Vatican.<\/p>\n<p>\u00ab Ce jubil\u00e9 a un double objectif. Tout d&rsquo;abord, il vise \u00e0 \u00ab choyer \u00bb les missionnaires num\u00e9riques et les influenceurs catholiques, qui ont longtemps \u00e9t\u00e9 n\u00e9glig\u00e9s, afin de les accueillir et de leur transmettre le message suivant : l&rsquo;\u00c9glise vous reconna\u00eet, vous aime, vous soutient et vous accompagne. Il cherche ainsi \u00e0 leur offrir un \u00ab cocooning \u00bb spirituel. Deuxi\u00e8mement, le jubil\u00e9 sert \u00e0 rappeler aux \u00e9v\u00eaques et \u00e0 toute l&rsquo;\u00c9glise : <strong>prenons conscience que nous poss\u00e9dons une force missionnaire forte et belle que nous devons entretenir. \u00bb<\/strong><\/p>\n<p>Monseigneur Lucio Adrian Ruiz a discut\u00e9 de l&rsquo;importance du prochain Jubil\u00e9 pour <strong>les missionnaires num\u00e9riques et les influenceurs catholiques<\/strong> (28 et 29 juillet) lors de la r\u00e9union mensuelle en ligne du groupe <a href=\"https:\/\/www.net-one.org\/fr\/synodalite-il-ny-a-de-veritable-communion-que-sil-y-a-communication\/\">Communication et Synodalit\u00e9, inspir\u00e9 par le r\u00e9seau international NetOne<\/a>, qui regroupe des journalistes et des communicateurs de diverses publications, ainsi que des universitaires et des \u00e9tudiants en communication.<\/p>\n<p>Lors de la r\u00e9union, <strong>Don Cosimo Schena, le pr\u00eatre italien le plus suivi sur Instagram, Francesca Parisi, enseignante et missionnaire num\u00e9rique de 31 ans, et Michael Mattarucco, travailleur et batteur du groupe Vita Nuova, \u00e2g\u00e9 de 24 ans<\/strong>, ont partag\u00e9 leurs exp\u00e9riences.<\/p>\n<p>Ruiz a \u00e9galement soulign\u00e9 qu&rsquo;il y a de nombreux aspects \u00ab \u00e0 d\u00e9velopper, \u00e0 aider, \u00e0 \u00e9duquer, \u00e0 rectifier, mais l&rsquo;\u00e9l\u00e9ment le plus crucial est que pour y parvenir, nous devons \u00eatre pr\u00e9sents. C&rsquo;est pourquoi ce Jubil\u00e9 vise \u00e0 transmettre aux \u00e9v\u00eaques et \u00e0 l&rsquo;\u00c9glise le message suivant : <strong>prenons soin d&rsquo;eux, car ils aiment et apportent J\u00e9sus ; cheminons tous ensemble \u00bb. <\/strong><\/p>\n<p>Ce jubil\u00e9 est l&rsquo;un des r\u00e9sultats du Synode, o\u00f9 l&rsquo;\u00c9glise a \u00e9t\u00e9 appel\u00e9e \u00e0 reconna\u00eetre et \u00e0 soutenir les missionnaires. \u00c0 l&rsquo;initiative du pape Fran\u00e7ois, une \u00e9tude a \u00e9t\u00e9 lanc\u00e9e, r\u00e9unissant <strong>les dicast\u00e8res de la communication, de la culture et le secr\u00e9tariat g\u00e9n\u00e9ral du Synode des \u00e9v\u00eaques.<\/strong> Les r\u00e9sultats de cette \u00e9tude, qui a donn\u00e9 lieu \u00e0 des milliers de consultations, seront bient\u00f4t d\u00e9voil\u00e9s.<\/p>\n<p>Dans le contexte d&rsquo;une \u00c9glise missionnaire qui, comme l&rsquo;a d\u00e9clar\u00e9 le <strong>pape Fran\u00e7ois<\/strong>, vise \u00e0 atteindre tout le monde, Mgr Ruiz partage que <strong>les missionnaires num\u00e9riques et les influenceurs catholiques ont demand\u00e9 leur propre jubil\u00e9.<\/strong> Cette initiative a \u00e9t\u00e9 pr\u00e9sent\u00e9e \u00e0 <strong>Bergoglio<\/strong> et a re\u00e7u son approbation. Elle est pr\u00e9vue les <strong>28 et 29 juillet, co\u00efncidant avec le Jubil\u00e9 des jeunes, qui se d\u00e9roulera du 28 juillet au 3 ao\u00fbt.<\/strong><\/p>\n<p>Environ un millier de missionnaires num\u00e9riques et d&rsquo;influenceurs catholiques de diff\u00e9rentes r\u00e9gions du globe se r\u00e9uniront \u00e0 Rome. Pour Mgr Ruiz, ce sera l&rsquo;occasion de prier, de r\u00e9fl\u00e9chir, de dialoguer et de renforcer la pr\u00e9sence de l&rsquo;\u00c9glise missionnaire dans les espaces num\u00e9riques. L&rsquo;objectif est d&rsquo;accompagner, de reconna\u00eetre, d&rsquo;\u00e9duquer et de cheminer aux c\u00f4t\u00e9s des personnes qui naviguent quotidiennement sur Internet.<\/p>\n<p>Le Jubil\u00e9 offrira l&rsquo;occasion, comme l&rsquo;explique Mgr Ruiz, <strong>d&rsquo;ouvrir un nouveau chapitre dans l&rsquo;histoire missionnaire de l&rsquo;\u00c9glise<\/strong>. Il ne s&rsquo;agira pas simplement d&rsquo;apprendre \u00e0 publier sur les r\u00e9seaux sociaux, mais plut\u00f4t de conceptualiser <strong>la mission num\u00e9rique comme une nouvelle approche pour d\u00e9couvrir des individus, identifier la pr\u00e9sence souffrante du Christ en ligne <\/strong>et leur transmettre le message de J\u00e9sus dans leur propre langue, \u00e0 leur rythme et dans leur propre contexte, afin de les guider vers l&rsquo;\u00c9glise \u00ab physique \u00bb pour la poursuite de la mission.<\/p>\n<p>Avec de tels \u00e9v\u00e9nements, souligne Mgr Ruiz, l&rsquo;intention est de clarifier que <strong>dans le domaine num\u00e9rique, \u00ab on peut v\u00e9ritablement s&rsquo;engager dans la mission, comme on peut v\u00e9ritablement aimer.<\/strong> On tend la main aux autres, on communique dans leur langue, puis on les conduit chez eux, \u00e0 la maison du P\u00e8re, permettant ainsi \u00e0 la communaut\u00e9 de poursuivre le processus d&rsquo;\u00e9vang\u00e9lisation \u00bb.<\/p>\n<p>Gr\u00e2ce \u00e0 divers messages, vid\u00e9os et publications, les missionnaires num\u00e9riques et les <strong>influenceurs catholiques rencontrent de nombreuses personnes qui n&rsquo;auraient peut-\u00eatre jamais envisag\u00e9 de lire l&rsquo;\u00c9vangile ou de mettre les pieds dans une \u00e9glise.<\/strong> Ces personnes peuvent d\u00e9couvrir une image, un mot ou une phrase qui r\u00e9sonne en elles, permettant \u00e0 J\u00e9sus d&rsquo;entrer dans leur vie et leur c\u0153ur. Une personne compl\u00e8tement d\u00e9connect\u00e9e de l&rsquo;\u00c9glise, qui ne s&rsquo;identifie pas comme religieuse, peut, \u00e0 un moment charni\u00e8re de sa vie, \u00eatre ouverte \u00e0 recevoir J\u00e9sus, ce qui peut mener \u00e0 des exp\u00e9riences transformatrices. Il existe d&rsquo;innombrables t\u00e9moignages de tels \u00e9v\u00e9nements.<\/p>\n<p>Ruiz souligne qu&rsquo;il y avait \u00e0 l&rsquo;origine trois missionnaires num\u00e9riques, et que leur nombre d\u00e9passe d\u00e9sormais les 5 000, tous cherchant \u00e0 trouver un sens \u00e0 leur mission d&rsquo;aider les autres. <strong>\u00ab C&rsquo;est ce que nous devons cultiver au sein de l&rsquo;\u00c9glise : les soutenir dans l&rsquo;accomplissement d&rsquo;une nouvelle mission. \u00bb<\/strong><\/p>\n","protected":false},"excerpt":{"rendered":"<p>Source : Citta Nuova par Sara Fornaro 11 juillet 2025 Les 28 et 29 juillet prochains aura lieu le Jubil\u00e9 des missionnaires num\u00e9riques et des influenceurs catholiques : une occasion pour l&rsquo;\u00c9glise de pr\u00e9senter le Christ au monde, comme l&rsquo;a d\u00e9clar\u00e9 Mgr Ruiz, secr\u00e9taire du Dicast\u00e8re pour la communication du Vatican. \u00ab Ce jubil\u00e9 a [&hellip;]<\/p>\n","protected":false},"author":1,"featured_media":8099,"comment_status":"open","ping_status":"open","sticky":false,"template":"","format":"standard","meta":{"footnotes":""},"categories":[61],"tags":[],"class_list":["post-8104","post","type-post","status-publish","format-standard","has-post-thumbnail","hentry","category-nouvelles","entry","has-media"],"aioseo_notices":[],"_links":{"self":[{"href":"https:\/\/www.net-one.org\/fr\/wp-json\/wp\/v2\/posts\/8104","targetHints":{"allow":["GET"]}}],"collection":[{"href":"https:\/\/www.net-one.org\/fr\/wp-json\/wp\/v2\/posts"}],"about":[{"href":"https:\/\/www.net-one.org\/fr\/wp-json\/wp\/v2\/types\/post"}],"author":[{"embeddable":true,"href":"https:\/\/www.net-one.org\/fr\/wp-json\/wp\/v2\/users\/1"}],"replies":[{"embeddable":true,"href":"https:\/\/www.net-one.org\/fr\/wp-json\/wp\/v2\/comments?post=8104"}],"version-history":[{"count":1,"href":"https:\/\/www.net-one.org\/fr\/wp-json\/wp\/v2\/posts\/8104\/revisions"}],"predecessor-version":[{"id":8105,"href":"https:\/\/www.net-one.org\/fr\/wp-json\/wp\/v2\/posts\/8104\/revisions\/8105"}],"wp:featuredmedia":[{"embeddable":true,"href":"https:\/\/www.net-one.org\/fr\/wp-json\/wp\/v2\/media\/8099"}],"wp:attachment":[{"href":"https:\/\/www.net-one.org\/fr\/wp-json\/wp\/v2\/media?parent=8104"}],"wp:term":[{"taxonomy":"category","embeddable":true,"href":"https:\/\/www.net-one.org\/fr\/wp-json\/wp\/v2\/categories?post=8104"},{"taxonomy":"post_tag","embeddable":true,"href":"https:\/\/www.net-one.org\/fr\/wp-json\/wp\/v2\/tags?post=8104"}],"curies":[{"name":"wp","href":"https:\/\/api.w.org\/{rel}","templated":true}]}}