{"id":6037,"date":"2022-08-09T22:43:28","date_gmt":"2022-08-09T20:43:28","guid":{"rendered":"https:\/\/www.net-one.org\/eu-embaixador-da-paz\/"},"modified":"2023-01-13T20:46:46","modified_gmt":"2023-01-13T19:46:46","slug":"eu-embaixador-da-paz","status":"publish","type":"post","link":"https:\/\/www.net-one.org\/pt-pt\/eu-embaixador-da-paz\/","title":{"rendered":"\u201cEu, embaixador da Paz&#8221;"},"content":{"rendered":"\n<p><\/p>\n\n<figure class=\"wp-block-image size-large is-resized\"><img fetchpriority=\"high\" decoding=\"async\" src=\"https:\/\/www.net-one.org\/wp-content\/uploads\/2022\/10\/marlis-akbar-unsplash-per-Egypt-1024x529.webp\" alt=\"\" class=\"wp-image-4708\" width=\"840\" height=\"433\" srcset=\"https:\/\/www.net-one.org\/wp-content\/uploads\/2022\/10\/marlis-akbar-unsplash-per-Egypt-1024x529.webp 1024w, https:\/\/www.net-one.org\/wp-content\/uploads\/2022\/10\/marlis-akbar-unsplash-per-Egypt-300x155.webp 300w, https:\/\/www.net-one.org\/wp-content\/uploads\/2022\/10\/marlis-akbar-unsplash-per-Egypt-768x397.webp 768w, https:\/\/www.net-one.org\/wp-content\/uploads\/2022\/10\/marlis-akbar-unsplash-per-Egypt.webp 1200w\" sizes=\"(max-width: 840px) 100vw, 840px\" \/><\/figure>\n<p>09.08.2022<\/p>\n\n<p><i><span style=\"font-weight: 400;\">Cuidado aos outros, respeito, colabora\u00e7\u00e3o, di\u00e1logo: s\u00e3o esses alguns valores do projeto <\/span><\/i><span style=\"font-weight: 400;\">Eu, embaixador da paz<\/span><i><span style=\"font-weight: 400;\">, que a AMU (Associa\u00e7\u00e3o Mundo Unido) est\u00e1 promovendo no Egito. Por esse motivo, trinta volunt\u00e1rios participaram de uma s\u00e9rie de encontros de forma\u00e7\u00e3o. O objetivo? Voltar a uma cultura de paz.<\/span><\/i><\/p>\n\n<p> Fonte: A\u00e7\u00e3o por um Mundo Unido<\/p>\n\n<p><span style=\"font-weight: 400;\">Nos \u00faltimos anos, a sociedade organizada viveu <\/span><b>profundas mudan\u00e7as, com uma deteriora\u00e7\u00e3o do esp\u00edrito de solidariedade e de respeito \u00e0s diferen\u00e7as que a caracterizava e com maior difus\u00e3o da viol\u00eancia<\/b><span style=\"font-weight: 400;\">, em particular em rela\u00e7\u00e3o \u00e0s mulheres e crian\u00e7as, no \u00e2mbito dom\u00e9stico e escolar. Os eventos terroristas s\u00e3o s\u00f3 as manifesta\u00e7\u00f5es mais extremas desse clima.<\/span><\/p>\n\n<p><span style=\"font-weight: 400;\">Entre fevereiro e mar\u00e7o de 2022, a Associa\u00e7\u00e3o A\u00e7\u00e3o por um Mundo Unido, deu vida ao projeto <\/span><i><span style=\"font-weight: 400;\">Eu, embaixador da paz<\/span><\/i><span style=\"font-weight: 400;\">, para contribuir com a <\/span><b>promo\u00e7\u00e3o e com a constru\u00e7\u00e3o de uma cultura de difus\u00e3o da paz<\/b><span style=\"font-weight: 400;\">, redescobrindo o di\u00e1logo, o cuidado com os outros, superando as diferentes formas de indiferen\u00e7a e de \u00f3dio social.<\/span><\/p>\n\n<p>\u201cEnsinar esses valores \u00e9 eficaz, sobretudo neste momento, no Egito\u201d, afirma Noura, uma das jovens selecionadas para seguir o percurso, \u201cporque h\u00e1 muitas crian\u00e7as em um contexto no qual o \u00fanico objetivo \u00e9 procurar comida, e seus pais n\u00e3o t\u00eam qualquer interesse em passar valores sobre os quais eles mesmos n\u00e3o sabem nada\u201d.<\/p>\n\n<p>O projeto foi realizado em colabora\u00e7\u00e3o com o parceiro local United World Foundation (UWF) que, desde 2007, trabalha para transmitir a cultura da fraternidade por meio de projetos de desenvolvimento e promo\u00e7\u00e3o humana.&#13;\n<\/p>\n\n<p><span style=\"font-weight: 400;\">Na primeira fase, intitulada <\/span><i><span style=\"font-weight: 400;\">Training of Trainers<\/span><\/i><span style=\"font-weight: 400;\">, os participantes foram formados como volunt\u00e1rios capazes de difundir uma cultura de paz e de di\u00e1logo, no respeito \u00e0s diferen\u00e7as.\u00a0<\/span><\/p>\n\n<p><span style=\"font-weight: 400;\">Introduzindo o percurso, o presidente da UWF, <\/span><b>Saad Ihsan<\/b><span style=\"font-weight: 400;\">, ilustrou a a\u00e7\u00e3o e os projetos da funda\u00e7\u00e3o e detalhou as atividades espec\u00edficas e os objetivos do <\/span><i><span style=\"font-weight: 400;\">Eu, embaixador da Paz<\/span><\/i><span style=\"font-weight: 400;\">, voltado a uma plateia de poss\u00edveis benefici\u00e1rios finais: <\/span><b>jovens, professores, pais, l\u00edderes de comunidade, profissionais<\/b><span style=\"font-weight: 400;\">.<\/span><\/p>\n\n<p>Da forma\u00e7\u00e3o participaram trinta volunt\u00e1rios que j\u00e1 trabalharam em contato com as crian\u00e7as, que demonstraram paix\u00e3o e vontade em mergulharem nessa nova aventura, selecionados com base na diversidade de experi\u00eancias, cultura e idade.&#13;\n<\/p>\n\n<p><span style=\"font-weight: 400;\">Mushira conta que quis participar por uma exig\u00eancia pessoal: \u201cOs meus filhos cresceram e tinham energia e tempo inutilizados\u201d. Assim, ela se dedicou a essa experi\u00eancia que lhe foi muito \u00fatil: \u201cMe fez voltar a ler mais e a refletir sobre como posso ajudar as crian\u00e7as eg\u00edpcias\u201d. Tamb\u00e9m para Eman ter participado do <\/span><i><span style=\"font-weight: 400;\">Training of Trainers <\/span><\/i><span style=\"font-weight: 400;\">foi importante: \u201cAprendi muito sobre o mundo, sobre mim mesma e sobre os outros. Agrada-me a ideia de comunicar esses valores e ter descoberto que posso transmitir aos outros aquilo que aprendi, ajudando-os a adquirir compet\u00eancias e instrumentos\u201d.<\/span><\/p>\n\n<p><span style=\"font-weight: 400;\">O pr\u00f3ximo passo, a segunda fase da forma\u00e7\u00e3o, implica atuar aquilo que foi aprendido, avaliar-se com crian\u00e7as, pais e professores para transmitir a eles os valores do projeto <\/span><i><span style=\"font-weight: 400;\">Eu, embaixador da paz<\/span><\/i><span style=\"font-weight: 400;\">.<\/span><\/p>\n","protected":false},"excerpt":{"rendered":"<p>09.08.2022 Cuidado aos outros, respeito, colabora\u00e7\u00e3o, di\u00e1logo: s\u00e3o esses alguns valores do projeto Eu, embaixador da paz, que a AMU (Associa\u00e7\u00e3o Mundo Unido) est\u00e1 promovendo no Egito. Por esse motivo, trinta volunt\u00e1rios participaram de uma s\u00e9rie de encontros de forma\u00e7\u00e3o. O objetivo? Voltar a uma cultura de paz. Fonte: A\u00e7\u00e3o por um Mundo Unido Nos [&hellip;]<\/p>\n","protected":false},"author":1,"featured_media":5561,"comment_status":"open","ping_status":"open","sticky":false,"template":"","format":"standard","meta":{"footnotes":""},"categories":[64,42],"tags":[],"class_list":["post-6037","post","type-post","status-publish","format-standard","has-post-thumbnail","hentry","category-noticias-pt-pt","category-sem-categoria","entry","has-media"],"aioseo_notices":[],"_links":{"self":[{"href":"https:\/\/www.net-one.org\/pt-pt\/wp-json\/wp\/v2\/posts\/6037","targetHints":{"allow":["GET"]}}],"collection":[{"href":"https:\/\/www.net-one.org\/pt-pt\/wp-json\/wp\/v2\/posts"}],"about":[{"href":"https:\/\/www.net-one.org\/pt-pt\/wp-json\/wp\/v2\/types\/post"}],"author":[{"embeddable":true,"href":"https:\/\/www.net-one.org\/pt-pt\/wp-json\/wp\/v2\/users\/1"}],"replies":[{"embeddable":true,"href":"https:\/\/www.net-one.org\/pt-pt\/wp-json\/wp\/v2\/comments?post=6037"}],"version-history":[{"count":1,"href":"https:\/\/www.net-one.org\/pt-pt\/wp-json\/wp\/v2\/posts\/6037\/revisions"}],"predecessor-version":[{"id":6038,"href":"https:\/\/www.net-one.org\/pt-pt\/wp-json\/wp\/v2\/posts\/6037\/revisions\/6038"}],"wp:featuredmedia":[{"embeddable":true,"href":"https:\/\/www.net-one.org\/pt-pt\/wp-json\/wp\/v2\/media\/5561"}],"wp:attachment":[{"href":"https:\/\/www.net-one.org\/pt-pt\/wp-json\/wp\/v2\/media?parent=6037"}],"wp:term":[{"taxonomy":"category","embeddable":true,"href":"https:\/\/www.net-one.org\/pt-pt\/wp-json\/wp\/v2\/categories?post=6037"},{"taxonomy":"post_tag","embeddable":true,"href":"https:\/\/www.net-one.org\/pt-pt\/wp-json\/wp\/v2\/tags?post=6037"}],"curies":[{"name":"wp","href":"https:\/\/api.w.org\/{rel}","templated":true}]}}