{"id":6173,"date":"2022-02-01T19:45:44","date_gmt":"2022-02-01T18:45:44","guid":{"rendered":"https:\/\/www.net-one.org\/em-um-entre-generativo\/"},"modified":"2023-01-16T20:41:51","modified_gmt":"2023-01-16T19:41:51","slug":"em-um-entre-generativo","status":"publish","type":"post","link":"https:\/\/www.net-one.org\/pt-pt\/em-um-entre-generativo\/","title":{"rendered":"Em um &#8220;entre&#8221; generativo"},"content":{"rendered":"\n<figure class=\"wp-block-image size-full is-resized\"><img fetchpriority=\"high\" decoding=\"async\" src=\"http:\/\/www.net-one.org\/wp-content\/uploads\/2022\/11\/Il-tra.webp\" alt=\"\" class=\"wp-image-5294\" width=\"446\" height=\"446\" srcset=\"https:\/\/www.net-one.org\/wp-content\/uploads\/2022\/11\/Il-tra.webp 600w, https:\/\/www.net-one.org\/wp-content\/uploads\/2022\/11\/Il-tra-300x300.webp 300w, https:\/\/www.net-one.org\/wp-content\/uploads\/2022\/11\/Il-tra-150x150.webp 150w\" sizes=\"(max-width: 446px) 100vw, 446px\" \/><\/figure>\n<p>Um semin\u00e1rio interdisciplinar para dialogar sobre um objeto que \u00e9 a base de nossa humanidade&#13;\n<\/p>\n\n<p><span style=\"font-weight: 400;\">\u00c9 preciso um humilde &#8220;esfregar m\u00fatuo&#8221; para que uma centelha de verdade se acenda em uma comunidade de vida. Essa ideia que ecoa platonicamente foi experimentada nos dias 27 a 29 de janeiro de 2022 por meio do semin\u00e1rio <\/span><i><span style=\"font-weight: 400;\">Di\u00e1logos Interdisciplinares sobre o \u201centre\u201d<\/span><\/i><i><span style=\"font-weight: 400;\">,<\/span><\/i><span style=\"font-weight: 400;\"> promovido pela Escola de P\u00f3s-Doutorado do<\/span><span style=\"font-weight: 400;\"> Instituto Universit\u00e1rio Sophia (IUS)<\/span><span style=\"font-weight: 400;\">. O programa muito rico viu estudiosos de alto n\u00edvel e jovens pesquisadores se alternarem em um confronto muito vivo por diferentes campos disciplinares &#8211; da filosofia ao direito, da psicologia \u00e0 economia, da sociologia \u00e0 epistemologia, da pedagogia \u00e0 teologia &#8211; e expressando vis\u00f5es de diferentes matrizes culturais da Europa \u00e0 Am\u00e9rica Latina.<\/span><\/p>\n\n<p>O programa foi desenvolvido gra\u00e7as \u00e0 contribui\u00e7\u00e3o de professores da Pontif\u00edcia Universidade Gregoriana de Roma, da Universidade de Lyon, Pisa, LUMSA, Sassari, Bolonha, Pernambuco (Brasil), da Funda\u00e7\u00e3o Zancan de P\u00e1dua.&#13;\n<\/p>\n\n<p><span style=\"font-weight: 400;\">O &#8220;olhar&#8221; que se abriu, num jogo de fascinantes refer\u00eancias entre uma disciplina e outra, expressas em diferentes linguagens formais, orientou de forma in\u00e9dita para o conhecimento do mesmo objeto enigm\u00e1tico, mas vital: <\/span><b>a rela\u00e7\u00e3o social<\/b><span style=\"font-weight: 400;\">, descoberta mais verdadeira na medida em que se deixa transformar por e em um terceiro que o gera e regenera mais profundamente.<\/span><\/p>\n\n<p>\u00a0&#13;\n&#13;\n<span style=\"font-weight: 400;\">Como parte do semin\u00e1rio, <\/span><b>Isabel Gatti, coordenadora internacional do NetoOne<\/b><span style=\"font-weight: 400;\">, e <\/span><b>Cristina Montoya<\/b><span style=\"font-weight: 400;\">, docente do IUS e <\/span><b>coordenadora do NetOne Col\u00f4mbia<\/b><span style=\"font-weight: 400;\"> expuseram suas pesquisas.<\/span><\/p>\n\n<p><span style=\"font-weight: 400;\">Gatti dissertou sobre <\/span><i><span style=\"font-weight: 400;\">O &#8220;entre&#8221; como media\u00e7\u00e3o uma perspectiva para a compreens\u00e3o da diversidade cultural<\/span><\/i><span style=\"font-weight: 400;\">, com um estudo de caso: &#8220;Alguns tra\u00e7os da rela\u00e7\u00e3o entre as culturas na vida e no pensamento de Chiara Lubich&#8221;, enquanto Montoya abordou <\/span><i><span style=\"font-weight: 400;\">&#8220;O \u2018entre\u2019 como uma rela\u00e7\u00e3o emergente e os desafios do Metaverso\u201d<\/span><\/i><span style=\"font-weight: 400;\">.<\/span><\/p>\n","protected":false},"excerpt":{"rendered":"<p>Um semin\u00e1rio interdisciplinar para dialogar sobre um objeto que \u00e9 a base de nossa humanidade&#13; \u00c9 preciso um humilde &#8220;esfregar m\u00fatuo&#8221; para que uma centelha de verdade se acenda em uma comunidade de vida. Essa ideia que ecoa platonicamente foi experimentada nos dias 27 a 29 de janeiro de 2022 por meio do semin\u00e1rio Di\u00e1logos [&hellip;]<\/p>\n","protected":false},"author":1,"featured_media":5849,"comment_status":"open","ping_status":"open","sticky":false,"template":"","format":"standard","meta":{"footnotes":""},"categories":[64,42],"tags":[],"class_list":["post-6173","post","type-post","status-publish","format-standard","has-post-thumbnail","hentry","category-noticias-pt-pt","category-sem-categoria","entry","has-media"],"aioseo_notices":[],"_links":{"self":[{"href":"https:\/\/www.net-one.org\/pt-pt\/wp-json\/wp\/v2\/posts\/6173","targetHints":{"allow":["GET"]}}],"collection":[{"href":"https:\/\/www.net-one.org\/pt-pt\/wp-json\/wp\/v2\/posts"}],"about":[{"href":"https:\/\/www.net-one.org\/pt-pt\/wp-json\/wp\/v2\/types\/post"}],"author":[{"embeddable":true,"href":"https:\/\/www.net-one.org\/pt-pt\/wp-json\/wp\/v2\/users\/1"}],"replies":[{"embeddable":true,"href":"https:\/\/www.net-one.org\/pt-pt\/wp-json\/wp\/v2\/comments?post=6173"}],"version-history":[{"count":1,"href":"https:\/\/www.net-one.org\/pt-pt\/wp-json\/wp\/v2\/posts\/6173\/revisions"}],"predecessor-version":[{"id":6174,"href":"https:\/\/www.net-one.org\/pt-pt\/wp-json\/wp\/v2\/posts\/6173\/revisions\/6174"}],"wp:featuredmedia":[{"embeddable":true,"href":"https:\/\/www.net-one.org\/pt-pt\/wp-json\/wp\/v2\/media\/5849"}],"wp:attachment":[{"href":"https:\/\/www.net-one.org\/pt-pt\/wp-json\/wp\/v2\/media?parent=6173"}],"wp:term":[{"taxonomy":"category","embeddable":true,"href":"https:\/\/www.net-one.org\/pt-pt\/wp-json\/wp\/v2\/categories?post=6173"},{"taxonomy":"post_tag","embeddable":true,"href":"https:\/\/www.net-one.org\/pt-pt\/wp-json\/wp\/v2\/tags?post=6173"}],"curies":[{"name":"wp","href":"https:\/\/api.w.org\/{rel}","templated":true}]}}