{"id":6580,"date":"2023-05-16T12:54:52","date_gmt":"2023-05-16T10:54:52","guid":{"rendered":"https:\/\/www.net-one.org\/mensagem-do-papa-para-o-dia-mundial-das-comunicacoes-sociais-2023\/"},"modified":"2023-05-17T08:39:50","modified_gmt":"2023-05-17T06:39:50","slug":"mensagem-do-papa-para-o-dia-mundial-das-comunicacoes-sociais-2023","status":"publish","type":"post","link":"https:\/\/www.net-one.org\/pt-pt\/mensagem-do-papa-para-o-dia-mundial-das-comunicacoes-sociais-2023\/","title":{"rendered":"Mensagem do Papa para o Dia Mundial das Comunica\u00e7\u00f5es Sociais 2023"},"content":{"rendered":"<p><img fetchpriority=\"high\" decoding=\"async\" class=\"alignnone size-medium wp-image-6569\" src=\"http:\/\/www.net-one.org\/wp-content\/uploads\/2023\/05\/PapaUdienzaPiazzaSanPietro_23102019_0111-755x491-1-685x445-1-300x281.jpg\" alt=\"\" width=\"300\" height=\"281\" srcset=\"https:\/\/www.net-one.org\/wp-content\/uploads\/2023\/05\/PapaUdienzaPiazzaSanPietro_23102019_0111-755x491-1-685x445-1-300x281.jpg 300w, https:\/\/www.net-one.org\/wp-content\/uploads\/2023\/05\/PapaUdienzaPiazzaSanPietro_23102019_0111-755x491-1-685x445-1.jpg 475w\" sizes=\"(max-width: 300px) 100vw, 300px\" \/><\/p>\n<p>16.5.2023<\/p>\n<p>\u201cFalar com o cora\u00e7\u00e3o. Testemunhando a verdade no amor\u201d. Esse \u00e9 o tema central da mensagem para o 57\u00ba Dia Mundial das Comunica\u00e7\u00f5es Sociais que este ano ser\u00e1 celebrado no dia 21 de maio. O Papa indica Francisco de Sales, patrono dos jornalistas, como \u201cum dos exemplos mais luminosos e ainda hoje fascinantes do \u201cfalar com o cora\u00e7\u00e3o\u201d.<br \/>\n\u201c\u00c9 a partir desse \u2018crit\u00e9rio de amor\u2019 que, por meio de seus escritos e seu testemunho de vida, o santo bispo de Genebra nos lembra que \u2018somos aquilo que comunicamos\u2019. Li\u00e7\u00f5es atuais sobre viver contracorrente em um tempo no qual, como experimentamos em particular nas redes sociais, a comunica\u00e7\u00e3o \u00e9 muitas vezes instrumentalizada para que o mundo nos veja como n\u00f3s desejamos ser e n\u00e3o por aquilo que somos\u201d.<br \/>\nO tema conecta-se idealmente \u00e0quele do \u00faltimo ano, que tratava da escuta. O Santo Padre foca em particular sobre \u201cfalar com o cora\u00e7\u00e3o\u201d, como centro da hospitalidade, do di\u00e1logo e da partilha.<br \/>\n\u201cN\u00e3o devemos temer proclamar a verdade, ainda que \u00e0s vezes inc\u00f4moda\u201d, mas faz\u00ea-lo com caridade. O convite do Papa solicita ter \u201cum cora\u00e7\u00e3o que com o seu pulsar revele a verdade do nosso ser e que, por isso, deve ser ouvido\u201d e afirma: \u201cIsso leva o ouvinte a sintonizar no mesmo comprimento de onda, chegando ao ponto de sentir no pr\u00f3prio cora\u00e7\u00e3o o pulsar do outro. Ent\u00e3o, pode acontecer o milagre do encontro, que nos faz olhar uns aos outros com compaix\u00e3o, acolhendo as fragilidades rec\u00edprocas com respeito, em vez de julgar com base em boatos e disseminar disc\u00f3rdia e divis\u00e3o\u201d.<br \/>\nO Pont\u00edfice observa: \u201cOs operadores da comunica\u00e7\u00e3o podem ouvir-se inspirados nesse santo da ternura \u2013 deseja o Papa \u2013, buscando e narrando a verdade com coragem e liberdade, mas rejeitando a tenta\u00e7\u00e3o de usar express\u00f5es sensacionalistas e agressivas\u201d.<br \/>\n\u201cNo dram\u00e1tico contexto de conflito global que estamos vivendo \u00e9 urgente afirmar uma comunica\u00e7\u00e3o n\u00e3o hostil\u201d. O Papa solicita \u201ccomunicadores dispon\u00edveis a dialogar, convictos em favorecer um desarmamento integral e empenhados a desmontar a psicose b\u00e9lica que se instala nos nossos cora\u00e7\u00f5es\u201d, que n\u00e3o nos torna \u201carrogantes, mas audazes e criativos, prontos a se arriscar a encontrar um terreno comum onde encontrar-se\u201d.<br \/>\nComo h\u00e1 60 anos, prossegue, \u201ctamb\u00e9m agora vivemos uma hora escura na qual a humanidade teme uma escalada b\u00e9lica que deve ser interrompida inclusive n\u00edvel comunicativo. Ficamos apavorados em escutar com quanta facilidade como s\u00e3o pronunciadas palavras que invocam a destrui\u00e7\u00e3o de povos e territ\u00f3rios. Palavras que, infelizmente e com frequ\u00eancia, se transformam em a\u00e7\u00f5es belicosas de brutal viol\u00eancia. Eis porque deve ser rejeitado cada ret\u00f3rica belicista, assim como cada forma propagandista que manipula a verdade, deturpando-a em raz\u00e3o de finalidades ideol\u00f3gicas. Em vez disso, deveria ser promovida, em todos os n\u00edveis, uma comunica\u00e7\u00e3o que ajuda a criar as condi\u00e7\u00f5es para resolver as controversas entre os povos\u201d.<br \/>\nEnquanto crist\u00e3os, reitera o Papa, para poder comunicar segundo a verdade na caridade, \u00e9 preciso purificar o pr\u00f3prio cora\u00e7\u00e3o. \u201cS\u00f3 ouvindo e falando com o cora\u00e7\u00e3o puro podemos ver para al\u00e9m das apar\u00eancias e superar o rumor confuso que, mesmo no campo da informa\u00e7\u00e3o, n\u00e3o nos ajuda a discernir na complexidade do mundo em que vivemos\u201d. O Papa adverte: \u201csabemos que \u00e9 gra\u00e7as \u00e0 convers\u00e3o do cora\u00e7\u00e3o que se decide o destino da paz, assim como o v\u00edrus da guerra prov\u00e9m do \u00edntimo do cora\u00e7\u00e3o humano\u201d.<br \/>\nEssa \u00e9 uma passagem de extrema atualidade presente na Mensagem. O Papa refere-se de modo particular os operadores da comunica\u00e7\u00e3o, mas recorda que \u201cem um per\u00edodo hist\u00f3rico assinalado pela polariza\u00e7\u00f5es e oposi\u00e7\u00f5es, o empenho por uma comunica\u00e7\u00e3o \u2018do cora\u00e7\u00e3o e dos bra\u00e7os abertos\u2019 n\u00e3o se aplica exclusivamente aos operadores da informa\u00e7\u00e3o, mas \u00e9 responsabilidade de cada um. Todos somos chamados a buscar e a dizer a verdade e faz\u00ea-lo com caridade\u201d.<br \/>\nExortando a \u201cguardar a l\u00edngua do mal\u201d, o Santo Padre reitera como \u201c\u00e0s vezes o falar am\u00e1vel abre uma brecha at\u00e9 nos cora\u00e7\u00f5es mais endurecidos\u201d: \u201cFa\u00e7amos a experi\u00eancia na conviv\u00eancia c\u00edvica em que a gentileza n\u00e3o \u00e9 uma quest\u00e3o de \u2018galanteio\u2019, mas um verdadeiro e apropriado ant\u00eddoto \u00e0 crueldade, que infelizmente pode envenenar os cora\u00e7\u00f5es e intoxicar as rela\u00e7\u00f5es. Precisamos daquele falar am\u00e1vel no \u00e2mbito das m\u00eddias, para que a comunica\u00e7\u00e3o n\u00e3o fomente uma avers\u00e3o que exaspere, gere \u00f3dio e conduza ao confronto, mas ajude as pessoas a refletir calmamente, a decifrar, com esp\u00edrito cr\u00edtico e sempre respeitoso, a realidade em que vivem\u201d.<br \/>\nA mensagem conclui sublinhando que o esfor\u00e7o de \u201cencontrar as palavras justas\u201d para construir \u201cuma civiliza\u00e7\u00e3o melhor\u201d \u00e9 uma responsabilidade confiada aos operadores da comunica\u00e7\u00e3o e por eles invoca o Senhor para que, com a profiss\u00e3o deles marcada pela \u201cverdade na caridade\u201d, possam ajudar a nos redescobrirmos irm\u00e3os e irm\u00e3s e a \u201csentir que somos respons\u00e1veis uns pelos outros\u201d.<\/p>\n","protected":false},"excerpt":{"rendered":"<p>16.5.2023 \u201cFalar com o cora\u00e7\u00e3o. Testemunhando a verdade no amor\u201d. Esse \u00e9 o tema central da mensagem para o 57\u00ba Dia Mundial das Comunica\u00e7\u00f5es Sociais que este ano ser\u00e1 celebrado no dia 21 de maio. O Papa indica Francisco de Sales, patrono dos jornalistas, como \u201cum dos exemplos mais luminosos e ainda hoje fascinantes do [&hellip;]<\/p>\n","protected":false},"author":1,"featured_media":6572,"comment_status":"open","ping_status":"open","sticky":false,"template":"","format":"standard","meta":{"footnotes":""},"categories":[],"tags":[],"class_list":["post-6580","post","type-post","status-publish","format-standard","has-post-thumbnail","hentry","entry","has-media"],"aioseo_notices":[],"_links":{"self":[{"href":"https:\/\/www.net-one.org\/pt-pt\/wp-json\/wp\/v2\/posts\/6580","targetHints":{"allow":["GET"]}}],"collection":[{"href":"https:\/\/www.net-one.org\/pt-pt\/wp-json\/wp\/v2\/posts"}],"about":[{"href":"https:\/\/www.net-one.org\/pt-pt\/wp-json\/wp\/v2\/types\/post"}],"author":[{"embeddable":true,"href":"https:\/\/www.net-one.org\/pt-pt\/wp-json\/wp\/v2\/users\/1"}],"replies":[{"embeddable":true,"href":"https:\/\/www.net-one.org\/pt-pt\/wp-json\/wp\/v2\/comments?post=6580"}],"version-history":[{"count":1,"href":"https:\/\/www.net-one.org\/pt-pt\/wp-json\/wp\/v2\/posts\/6580\/revisions"}],"predecessor-version":[{"id":6581,"href":"https:\/\/www.net-one.org\/pt-pt\/wp-json\/wp\/v2\/posts\/6580\/revisions\/6581"}],"wp:featuredmedia":[{"embeddable":true,"href":"https:\/\/www.net-one.org\/pt-pt\/wp-json\/wp\/v2\/media\/6572"}],"wp:attachment":[{"href":"https:\/\/www.net-one.org\/pt-pt\/wp-json\/wp\/v2\/media?parent=6580"}],"wp:term":[{"taxonomy":"category","embeddable":true,"href":"https:\/\/www.net-one.org\/pt-pt\/wp-json\/wp\/v2\/categories?post=6580"},{"taxonomy":"post_tag","embeddable":true,"href":"https:\/\/www.net-one.org\/pt-pt\/wp-json\/wp\/v2\/tags?post=6580"}],"curies":[{"name":"wp","href":"https:\/\/api.w.org\/{rel}","templated":true}]}}