{"id":6776,"date":"2023-08-28T18:23:46","date_gmt":"2023-08-28T16:23:46","guid":{"rendered":"https:\/\/www.net-one.org\/burkina-faso-jornalistas-aprendem-sobre-a-governanca-climatica\/"},"modified":"2023-08-28T18:23:46","modified_gmt":"2023-08-28T16:23:46","slug":"burkina-faso-jornalistas-aprendem-sobre-a-governanca-climatica","status":"publish","type":"post","link":"https:\/\/www.net-one.org\/pt-pt\/burkina-faso-jornalistas-aprendem-sobre-a-governanca-climatica\/","title":{"rendered":"Burkina Faso: jornalistas aprendem sobre a governan\u00e7a clim\u00e1tica"},"content":{"rendered":"<p><img fetchpriority=\"high\" decoding=\"async\" class=\"alignnone wp-image-6723\" src=\"http:\/\/www.net-one.org\/wp-content\/uploads\/2023\/08\/PIC-1-300x156.jpg\" alt=\"\" width=\"490\" height=\"255\" srcset=\"https:\/\/www.net-one.org\/wp-content\/uploads\/2023\/08\/PIC-1-300x156.jpg 300w, https:\/\/www.net-one.org\/wp-content\/uploads\/2023\/08\/PIC-1-1024x531.jpg 1024w, https:\/\/www.net-one.org\/wp-content\/uploads\/2023\/08\/PIC-1-768x398.jpg 768w, https:\/\/www.net-one.org\/wp-content\/uploads\/2023\/08\/PIC-1.jpg 1522w\" sizes=\"(max-width: 490px) 100vw, 490px\" \/><\/p>\n<p><strong>28.08.2023<\/strong><\/p>\n<p><strong><a href=\"https:\/\/envirinfos.net\/\">Envirinfos<\/a><\/strong>, em colabora\u00e7\u00e3o com <strong>NetOne<\/strong>, iniciou uma s\u00e9rie de workshops de forma\u00e7\u00e3o sobre conceitos e instrumentos de an\u00e1lise da <strong>governan\u00e7a clim\u00e1tica<\/strong> no s\u00e1bado, 12 de agosto de 2023, em Ouagadougou.<\/p>\n<p>A forma\u00e7\u00e3o, dirigida a jornalistas e emissoras de Burkina Faso, concentrou-se sobre o tema <strong>\u201cm\u00eddia e governan\u00e7a clim\u00e1tica\u201d.<\/strong><br \/>\nLazare Doulcom, diretor de publica\u00e7\u00e3o da Envirinfos, acolheu com boas-vindas jornalistas e comunicadores participantes, afirmando que \u201c<em>nessa guerra contra a mudan\u00e7a clim\u00e1tica, o conhecimento adquirido durante esse workshop ir\u00e1 beneficiar o nosso pa\u00eds e o mundo inteiro<\/em>\u201d.<br \/>\nKiemtoreNo\u00ebl, coordenador de <strong>NetOne in Burkina Faso<\/strong>, exp\u00f4s a <strong>import\u00e2ncia do di\u00e1logo<\/strong>, de NetOne ser um espa\u00e7o de di\u00e1logo sem fronteiras em que se compartilha experi\u00eancias profissionais, aprofundamentos culturais, percursos formativos, a\u00e7\u00f5es e projetos, por uma comunica\u00e7\u00e3o midi\u00e1tica que suscita fraternidade.<\/p>\n<p>Aos jornalistas e comunicadores foi oferecido um conte\u00fado sobre a mudan\u00e7a clim\u00e1tica durante esse curso de forma\u00e7\u00e3o sobre \u201cm\u00eddia e governan\u00e7a clim\u00e1tica\u201d. Eram mais de vinte, disse o formador Athanase P\u00e9lega Kinda.<br \/>\nSegundo os organizadores desse curso de forma\u00e7\u00e3o, diante da mudan\u00e7a clim\u00e1tica, a mobiliza\u00e7\u00e3o de todos os pa\u00edses e de todos os atores-chave \u00e9 necess\u00e1ria se se quiser obter uma redu\u00e7\u00e3o significativa das emiss\u00f5es de gases de efeito estufa em todos os n\u00edveis.<br \/>\nEsse \u00e9 o pr\u00e9-requisito para limitar o aumento da temperatura em 2oC ou ao menos em 1,5o C at\u00e9 2100, como declarado no Acordo de Paris.<\/p>\n<p><img decoding=\"async\" class=\"alignnone wp-image-6728\" src=\"http:\/\/www.net-one.org\/wp-content\/uploads\/2023\/08\/PIC-2-300x230.jpg\" alt=\"\" width=\"472\" height=\"362\" srcset=\"https:\/\/www.net-one.org\/wp-content\/uploads\/2023\/08\/PIC-2-300x230.jpg 300w, https:\/\/www.net-one.org\/wp-content\/uploads\/2023\/08\/PIC-2-1024x784.jpg 1024w, https:\/\/www.net-one.org\/wp-content\/uploads\/2023\/08\/PIC-2-768x588.jpg 768w, https:\/\/www.net-one.org\/wp-content\/uploads\/2023\/08\/PIC-2.jpg 1080w\" sizes=\"(max-width: 472px) 100vw, 472px\" \/><\/p>\n<p>A forma\u00e7\u00e3o incluiu apresenta\u00e7\u00f5es e exerc\u00edcios de grupo. Segundo Athanase Pel\u00e9ga Kinda, \u00e9 necess\u00e1rio levar em considera\u00e7\u00e3o que a governan\u00e7a clim\u00e1tica comporta uma s\u00e9rie de processos. \u201c<em>Voc\u00ea tem que levar em considera\u00e7\u00e3o a localidade e per\u00edodo de atua\u00e7\u00e3o do quadro de refer\u00eancia que resultar\u00e1 das<\/em> <em>an\u00e1lises; identificar os tipos de governan\u00e7a (administrativa, pol\u00edtica, local, econ\u00f4mica etc.); fazer<\/em> <em>uma op\u00e7\u00e3o por uma determinada governan\u00e7a; identificar os componentes chave ou as unidades de exposi\u00e7\u00e3o de tais governan\u00e7as<\/em>\u201d, afirmou.<br \/>\nEmbora esses processos levem em conta que a governan\u00e7a clim\u00e1tica exige metodologias, ele reconheceu ainda que os operadores de m\u00eddia s\u00e3o uma fonte privilegiada para comunicar com o p\u00fablico para alcan\u00e7ar os objetivos fixados contra a mudan\u00e7a clim\u00e1tica.<br \/>\n<em>\u201cOs objetivos de adapta\u00e7\u00e3o e de redu\u00e7\u00e3o das emiss\u00f5es de g\u00e1s estufa n\u00e3o podem ser alcan\u00e7ados sem as m\u00eddias, que s\u00e3o um canal fundamental para<\/em> <em>alcan\u00e7ar as massas<\/em>\u201d, sublinhou.<\/p>\n<p>Gra\u00e7as a esse workshop, os operadores de m\u00eddia poder\u00e3o agir como relatores em n\u00edvel nacional e internacional para promover a luta contra a mudan\u00e7a clim\u00e1tico.<\/p>\n<p>Lazare Doulcom, diretor da Envirinfos, disse estar satisfeito com a forma\u00e7\u00e3o oferecida aos jornalistas e comunicadores na \u201cguerra contra a mudan\u00e7a clim\u00e1tica\u201d.<\/p>\n<p>Djemal Saddam El Abdallah SIBA<\/p>\n","protected":false},"excerpt":{"rendered":"<p>28.08.2023 Envirinfos, em colabora\u00e7\u00e3o com NetOne, iniciou uma s\u00e9rie de workshops de forma\u00e7\u00e3o sobre conceitos e instrumentos de an\u00e1lise da governan\u00e7a clim\u00e1tica no s\u00e1bado, 12 de agosto de 2023, em Ouagadougou. A forma\u00e7\u00e3o, dirigida a jornalistas e emissoras de Burkina Faso, concentrou-se sobre o tema \u201cm\u00eddia e governan\u00e7a clim\u00e1tica\u201d. Lazare Doulcom, diretor de publica\u00e7\u00e3o da [&hellip;]<\/p>\n","protected":false},"author":1,"featured_media":6790,"comment_status":"open","ping_status":"open","sticky":false,"template":"","format":"standard","meta":{"footnotes":""},"categories":[],"tags":[],"class_list":["post-6776","post","type-post","status-publish","format-standard","has-post-thumbnail","hentry","entry","has-media"],"aioseo_notices":[],"_links":{"self":[{"href":"https:\/\/www.net-one.org\/pt-pt\/wp-json\/wp\/v2\/posts\/6776","targetHints":{"allow":["GET"]}}],"collection":[{"href":"https:\/\/www.net-one.org\/pt-pt\/wp-json\/wp\/v2\/posts"}],"about":[{"href":"https:\/\/www.net-one.org\/pt-pt\/wp-json\/wp\/v2\/types\/post"}],"author":[{"embeddable":true,"href":"https:\/\/www.net-one.org\/pt-pt\/wp-json\/wp\/v2\/users\/1"}],"replies":[{"embeddable":true,"href":"https:\/\/www.net-one.org\/pt-pt\/wp-json\/wp\/v2\/comments?post=6776"}],"version-history":[{"count":0,"href":"https:\/\/www.net-one.org\/pt-pt\/wp-json\/wp\/v2\/posts\/6776\/revisions"}],"wp:featuredmedia":[{"embeddable":true,"href":"https:\/\/www.net-one.org\/pt-pt\/wp-json\/wp\/v2\/media\/6790"}],"wp:attachment":[{"href":"https:\/\/www.net-one.org\/pt-pt\/wp-json\/wp\/v2\/media?parent=6776"}],"wp:term":[{"taxonomy":"category","embeddable":true,"href":"https:\/\/www.net-one.org\/pt-pt\/wp-json\/wp\/v2\/categories?post=6776"},{"taxonomy":"post_tag","embeddable":true,"href":"https:\/\/www.net-one.org\/pt-pt\/wp-json\/wp\/v2\/tags?post=6776"}],"curies":[{"name":"wp","href":"https:\/\/api.w.org\/{rel}","templated":true}]}}