{"id":6996,"date":"2023-11-20T09:10:14","date_gmt":"2023-11-20T08:10:14","guid":{"rendered":"https:\/\/www.net-one.org\/100-anos-da-estreia-jornalistica-de-igino-giordani\/"},"modified":"2023-11-20T09:10:14","modified_gmt":"2023-11-20T08:10:14","slug":"100-anos-da-estreia-jornalistica-de-igino-giordani","status":"publish","type":"post","link":"https:\/\/www.net-one.org\/pt-pt\/100-anos-da-estreia-jornalistica-de-igino-giordani\/","title":{"rendered":"100 anos da estreia jornal\u00edstica de Igino Giordani"},"content":{"rendered":"<p><img fetchpriority=\"high\" decoding=\"async\" class=\"wp-image-6966 aligncenter\" src=\"http:\/\/www.net-one.org\/wp-content\/uploads\/2023\/11\/Screenshot-2023-11-20-092034-300x135.png\" alt=\"\" width=\"567\" height=\"255\" srcset=\"https:\/\/www.net-one.org\/wp-content\/uploads\/2023\/11\/Screenshot-2023-11-20-092034-300x135.png 300w, https:\/\/www.net-one.org\/wp-content\/uploads\/2023\/11\/Screenshot-2023-11-20-092034-1024x462.png 1024w, https:\/\/www.net-one.org\/wp-content\/uploads\/2023\/11\/Screenshot-2023-11-20-092034-768x347.png 768w, https:\/\/www.net-one.org\/wp-content\/uploads\/2023\/11\/Screenshot-2023-11-20-092034-1536x694.png 1536w, https:\/\/www.net-one.org\/wp-content\/uploads\/2023\/11\/Screenshot-2023-11-20-092034.png 1807w\" sizes=\"(max-width: 567px) 100vw, 567px\" \/><\/p>\n<p><strong>20. 11. 2023<\/strong><\/p>\n<p>No \u00faltimo dia 21 de outubro, no Centro Mari\u00e1polis de Castel Gandolfo, no \u00e2mbito do CNDAY, foi recordada a figura de Igino Giordani, ex-diretor da Citt\u00e0 Nuova, um s\u00e9culo depois da sua estreia no jornalismo (1923-2023).<br \/>\nAlberto Lo Presti, do Centro Igino Giordani, ofereceu reflex\u00f5es sobre a profiss\u00e3o de Igino Giordani, escritor e jornalista, uma carreira que come\u00e7ou h\u00e1 100 anos.<br \/>\nIgino Giordani (1894-1980), protagonista do s\u00e9culo 20, participou dos emocionantes compromissos de seu tempo com coer\u00eancia linear e temperamento her\u00f3ico. Colaborador de Sturzo, advers\u00e1rio de Mussolini, confidente de De Gasperi, amigo de Paulo VI, cofundador do Movimento dos Focolares de Chiara Lubich. <\/p>\n<p><strong>Alguns momentos chave do seu percurso<\/strong><br \/>\nJornalista, mas sobretudo escritor, Giordani considerava o jornalismo como uma \u201cmiss\u00e3o\u201d. Ele foi um contador de hist\u00f3rias, grandes ou pequenas, que ainda hoje fazem parte do compromisso social e das escolhas ideais de tantas pessoas que o t\u00eam como refer\u00eancia no sentido de uma orienta\u00e7\u00e3o para esses tempos turbulentos. A sua carreira jornal\u00edstica iniciou-se h\u00e1 cerca de 100 anos, em 1923, quando ele publicou os primeiros artigos para o jornal \u201cPopolo\u201d (\u201cPovo\u201d). Giordani nasceu em Tivoli em 1894, primog\u00eanito de seis filhos, em uma fam\u00edlia pobre. Casou-se com MyaSalvati em 1920 e o casal teve quatro filhos.<br \/>\nPertencente \u00e0quela gera\u00e7\u00e3o que viveu os conflitos mundiais, Giordani conheceu muito bem a crueldade das duas grandes guerras. Rec\u00e9m-formado, foi enviado \u00e0s trincheiras do Carso. Giordani confidenciou muito mais tarde n\u00e3o ter disparato um \u00fanico tiro contra o inimigo por medo de matar \u201cum irm\u00e3o\u201d: sempre acreditou na m\u00e1xima import\u00e2ncia da paz e considerava a guerra \u201cum ato de loucura conta Deus e a raz\u00e3o humana\u201d.<br \/>\nEle foi baleado, permanecendo com feridas terr\u00edveis que lhe custaram tr\u00eas anos de hospital eonze interven\u00e7\u00f5es cir\u00fargicas e lhe rendeu uma medalha de prata. Os escritos de um leigo, ContardoFerrini, depois tornado santo, o ajudaram muito a aprender que a santidade pode ser alcan\u00e7ada tamb\u00e9m no meio do mundo.<\/p>\n<p><strong>Empenho pol\u00edtico e cultural<\/strong><br \/>\n<img decoding=\"async\" class=\"size-medium wp-image-6981 alignleft\" src=\"http:\/\/www.net-one.org\/wp-content\/uploads\/2023\/11\/cq5dam.thumbnail.cropped.1000.563-1-300x169.jpeg\" alt=\"\" width=\"300\" height=\"169\" srcset=\"https:\/\/www.net-one.org\/wp-content\/uploads\/2023\/11\/cq5dam.thumbnail.cropped.1000.563-1-300x169.jpeg 300w, https:\/\/www.net-one.org\/wp-content\/uploads\/2023\/11\/cq5dam.thumbnail.cropped.1000.563-1-768x432.jpeg 768w, https:\/\/www.net-one.org\/wp-content\/uploads\/2023\/11\/cq5dam.thumbnail.cropped.1000.563-1.jpeg 1000w\" sizes=\"(max-width: 300px) 100vw, 300px\" \/>H\u00e1 um s\u00e9culo, no dia 18 de janeiro de 1919, Luigi Sturzo, do Partido Popular Italiano lan\u00e7ava o apelo aos \u201clivres e fortes\u201d voltado para aqueles que, \u201chomens moralmente livres e socialmente evolu\u00eddos\u201d, estivessem dispostos a empenhar-se para sustentar um projeto pol\u00edtico e social para It\u00e1lia do p\u00f3s-Primeira Guerra Mundial. Um apelo que encontrou Igino Giordani deitado em um leito de hospital militar, entre uma interven\u00e7\u00e3o cir\u00fargica e outra, alternado com exames universit\u00e1rios da Faculdade de Letras da Universidade La Sapienza de Roma. A sua rea\u00e7\u00e3o n\u00e3o se fez esperar: foi entre os primeiros a aderir \u00e0 nascente experi\u00eancia do Partido Popular e entre os primeiros a apoiar o sacerdote siciliano na constru\u00e7\u00e3o do partido, sobretudo na assessoria de imprensa. Igino se distinguiu por sua capacidade de an\u00e1lises e tornou-se o chefe da assessoria de imprensa do rec\u00e9m-nascido partido pol\u00edtico.<br \/>\nDurante o faciscmo, Giordani se op\u00f4s corajosamente aos cont\u00ednuos atos de viol\u00eancia. Em resposta, a pol\u00edcia come\u00e7ou a persegui-lo, limitando a sua possibilidade de escrever, de encontrar pessoas e at\u00e9 de ensinar em escolas p\u00fablicas. N\u00e3o obstante os fascistas quisessem exil\u00e1-lo, Giordani, sendo um ferido de guerra e um veterano condecorado (uma ironia da hist\u00f3ria, tendo em vista a sua inclina\u00e7\u00e3o pacifista), ele recebeu algum tipo de prote\u00e7\u00e3o com a mesma ret\u00f3rica fascista que exaltava os her\u00f3is da Primeira Guerra Mundial. No entanto, ele foi expulso do registro dos jornalistas e teve que renunciar ao ensino nas escolas p\u00fablicas.<br \/>\nDepois da Segunda Guerra Mundial, em 1946, Giordani foi eleito deputado e tornou-se um dos \u201cpais constituintes\u201d que criaram as bases ideais da Rep\u00fablica italiana. Ele foi reeleito em 1948 e, em 1950, tornou-se membro do Conselho dos Povos da Europa em Estrasburgo.<br \/>\nEm 1946, Giordani assumiu a dire\u00e7\u00e3o de \u201cIl Popolo\u201d, o jornal oficial do seu partido. Entretanto, ele decidiu demitir-se no ano seguinte, exausto pelas cont\u00ednuas interfer\u00eancias externas que buscavam influenciar as suas decis\u00f5es pol\u00edticas. Ele recusava ser considerado \u201cum diretor submisso\u201d.<br \/>\nUm momento memor\u00e1vel da sua carreira pol\u00edtica foi o discurso parlamentar de 1949 no qual tomou partido da ades\u00e3o italiana ao Pacto do Atl\u00e2ntico, considerando-o um meio pela paz e unidade e n\u00e3o s\u00f3 uma estrat\u00e9gia militar defensiva. Esse discurso foi aplaudido por muitos setores da C\u00e2mara dos Deputados.<\/p>\n<p><strong>O encontro com Chiara Lubich \u2013 Cofundador dos Focolares<\/strong><br \/>\n<img decoding=\"async\" class=\"wp-image-6987 alignleft\" src=\"http:\/\/www.net-one.org\/wp-content\/uploads\/2023\/11\/Chiara-Lubich-e-Igino-Giordani-cofondatore-del-Movimento-dei-Focolari-300x202.webp\" alt=\"\" width=\"359\" height=\"242\" srcset=\"https:\/\/www.net-one.org\/wp-content\/uploads\/2023\/11\/Chiara-Lubich-e-Igino-Giordani-cofondatore-del-Movimento-dei-Focolari-300x202.webp 300w, https:\/\/www.net-one.org\/wp-content\/uploads\/2023\/11\/Chiara-Lubich-e-Igino-Giordani-cofondatore-del-Movimento-dei-Focolari-768x517.webp 768w, https:\/\/www.net-one.org\/wp-content\/uploads\/2023\/11\/Chiara-Lubich-e-Igino-Giordani-cofondatore-del-Movimento-dei-Focolari.webp 1024w\" sizes=\"(max-width: 359px) 100vw, 359px\" \/>O encontro com Chiara Lubich ocorreu em setembro de 1948. Igino tinha 54 anos, era um c\u00e9lebre escritor, um pol\u00edtico compromissado, hagi\u00f3grafo e diretor de jornais, amigo de bispos e ass\u00edduo frequentador do Vaticano. Mas diante de uma jovem leiga que tinha a metade da idade dele, fundadora de uma nova comunidade espiritual, o Movimento dos Focolares, a vida de Giordani deu uma reviravolta. Ele encontrou a resposta \u00e0 sua sede de santidade.<br \/>\nGiordani levou Chiara a heran\u00e7a da intensa vida pol\u00edtica e profissional dele, de um homem casado, de um pai de fam\u00edlia, de um homem de cultura, imerso no mundo e na hist\u00f3ria com coragem e paix\u00e3o. Chiara viu nele representada toda a humanidade, com as suas dores e as suas conquistas, e o considerou a semente de todas os v\u00e1rios setores e realidades dentro dos Focolares, dando sempre um novo desenvolvimento ao Movimento. Pela contribui\u00e7\u00e3o assim relevante que deu \u00e0 atua\u00e7\u00e3o do projeto de unidade inscrito na espiritualidade e no estilo de vida da fundadora, foi por ela reconhecido como cofundador.<br \/>\nEm 1953, depois de muitas batalhas em nome da paz e de uma vis\u00e3o profunda e contracultural, Giordani n\u00e3o foi reeleito para a C\u00e2mara dos Deputados. Isso lhe deu a oportunidade de dedicar-se completamente ao Movimento dos Focolares, tendo escrito numerosos livros sobre espiritualidade como princ\u00edpio social e de esperan\u00e7a. <\/p>\n<p><strong>Em 1959 assumiu a dire\u00e7\u00e3o de \u201cCitt\u00e0Nuova\u201d (\u201cCidade Nova\u201d)<\/strong>.<img loading=\"lazy\" decoding=\"async\" class=\" wp-image-6971 alignright\" src=\"http:\/\/www.net-one.org\/wp-content\/uploads\/2023\/11\/3983464561_f00199dd6c_z-300x210.jpg\" alt=\"\" width=\"346\" height=\"242\" srcset=\"https:\/\/www.net-one.org\/wp-content\/uploads\/2023\/11\/3983464561_f00199dd6c_z-300x210.jpg 300w, https:\/\/www.net-one.org\/wp-content\/uploads\/2023\/11\/3983464561_f00199dd6c_z.jpg 640w\" sizes=\"(max-width: 346px) 100vw, 346px\" \/><\/strong><br \/>\nGiordani foi um escritor prol\u00edfico durante o Conc\u00edlio Vaticano II, tendo antecipado diferentes temas, em particular o papel dos leigos e concep\u00e7\u00e3o eclesiol\u00f3gica, que para ele era global e completa.<br \/>\nFalecido em 1980, foi logo reconhecido como uma grande figura e um modelo. Deixou uma vasta heran\u00e7a de escritos, apontamentos, correspond\u00eancia, livros e artigos, que foram conversados e colocados \u00e0 disposi\u00e7\u00e3o do p\u00fablico pelo Centro Igino Giordani e pelo Arquivo Geral do Movimento dos Focolares.<br \/>\nA vida de Igino Giordani continua a nos desafiar hoje, testemunhando uma cultura e uma pol\u00edtica que valorizam a coer\u00eancia, a convers\u00e3o e constru\u00e7\u00e3o da paz.<br \/>\n\u00c9 uma figura complexa que deixou tra\u00e7os profundos e abriu vis\u00f5es prof\u00e9ticas em n\u00edvel cultural, pol\u00edtico, eclesial e social.<br \/>\nEm 2004, foi aberto para o ele o processo de beatifica\u00e7\u00e3o e o \u201cEspresso\u201d (\u201cExpresso\u201d), jornal semanal italiano de relev\u00e2ncia, naquela ocasi\u00e3o, teve a coragem de publicar: T\u00edtulo: Jornalista beato: Igino, nos proteja! No texto, encontramos: \u201cE agora tamb\u00e9m a ordem dos jornalistas ter\u00e1 o seu Beato, Igino Giordani, diretor do di\u00e1rio \u201cIl Popolo\u201d, deputado da Democracia Crist\u00e3, cofundador dos focolarinos, chamado Foco pelo fervor, e pai de Brando, ex-poderoso da Rai (Rede Italiana de Televis\u00e3o). O vi\u00e1tico para a beatifica\u00e7\u00e3o de um pouco de brilho \u00e0 insultada categoria\u201d. <\/p>\n","protected":false},"excerpt":{"rendered":"<p>20. 11. 2023 No \u00faltimo dia 21 de outubro, no Centro Mari\u00e1polis de Castel Gandolfo, no \u00e2mbito do CNDAY, foi recordada a figura de Igino Giordani, ex-diretor da Citt\u00e0 Nuova, um s\u00e9culo depois da sua estreia no jornalismo (1923-2023). Alberto Lo Presti, do Centro Igino Giordani, ofereceu reflex\u00f5es sobre a profiss\u00e3o de Igino Giordani, escritor [&hellip;]<\/p>\n","protected":false},"author":1,"featured_media":6964,"comment_status":"open","ping_status":"open","sticky":false,"template":"","format":"standard","meta":{"footnotes":""},"categories":[],"tags":[],"class_list":["post-6996","post","type-post","status-publish","format-standard","has-post-thumbnail","hentry","entry","has-media"],"aioseo_notices":[],"_links":{"self":[{"href":"https:\/\/www.net-one.org\/pt-pt\/wp-json\/wp\/v2\/posts\/6996","targetHints":{"allow":["GET"]}}],"collection":[{"href":"https:\/\/www.net-one.org\/pt-pt\/wp-json\/wp\/v2\/posts"}],"about":[{"href":"https:\/\/www.net-one.org\/pt-pt\/wp-json\/wp\/v2\/types\/post"}],"author":[{"embeddable":true,"href":"https:\/\/www.net-one.org\/pt-pt\/wp-json\/wp\/v2\/users\/1"}],"replies":[{"embeddable":true,"href":"https:\/\/www.net-one.org\/pt-pt\/wp-json\/wp\/v2\/comments?post=6996"}],"version-history":[{"count":0,"href":"https:\/\/www.net-one.org\/pt-pt\/wp-json\/wp\/v2\/posts\/6996\/revisions"}],"wp:featuredmedia":[{"embeddable":true,"href":"https:\/\/www.net-one.org\/pt-pt\/wp-json\/wp\/v2\/media\/6964"}],"wp:attachment":[{"href":"https:\/\/www.net-one.org\/pt-pt\/wp-json\/wp\/v2\/media?parent=6996"}],"wp:term":[{"taxonomy":"category","embeddable":true,"href":"https:\/\/www.net-one.org\/pt-pt\/wp-json\/wp\/v2\/categories?post=6996"},{"taxonomy":"post_tag","embeddable":true,"href":"https:\/\/www.net-one.org\/pt-pt\/wp-json\/wp\/v2\/tags?post=6996"}],"curies":[{"name":"wp","href":"https:\/\/api.w.org\/{rel}","templated":true}]}}