{"id":7019,"date":"2023-11-23T16:44:22","date_gmt":"2023-11-23T15:44:22","guid":{"rendered":"https:\/\/www.net-one.org\/comunicacao-e-fraternidade-nas-relacoes-midiaticas\/"},"modified":"2023-11-24T06:29:40","modified_gmt":"2023-11-24T05:29:40","slug":"comunicacao-e-fraternidade-nas-relacoes-midiaticas","status":"publish","type":"post","link":"https:\/\/www.net-one.org\/pt-pt\/comunicacao-e-fraternidade-nas-relacoes-midiaticas\/","title":{"rendered":"Fraternidade nas rela\u00e7\u00f5es midi\u00e1ticas"},"content":{"rendered":"<p><img fetchpriority=\"high\" decoding=\"async\" class=\"alignnone wp-image-7006\" src=\"http:\/\/www.net-one.org\/wp-content\/uploads\/2023\/11\/IMG-20231119-WA0004-300x107.jpg\" alt=\"\" width=\"502\" height=\"179\" srcset=\"https:\/\/www.net-one.org\/wp-content\/uploads\/2023\/11\/IMG-20231119-WA0004-300x107.jpg 300w, https:\/\/www.net-one.org\/wp-content\/uploads\/2023\/11\/IMG-20231119-WA0004-1024x365.jpg 1024w, https:\/\/www.net-one.org\/wp-content\/uploads\/2023\/11\/IMG-20231119-WA0004-768x274.jpg 768w, https:\/\/www.net-one.org\/wp-content\/uploads\/2023\/11\/IMG-20231119-WA0004-1536x548.jpg 1536w, https:\/\/www.net-one.org\/wp-content\/uploads\/2023\/11\/IMG-20231119-WA0004.jpg 1600w\" sizes=\"(max-width: 502px) 100vw, 502px\" \/><\/p>\n<p><strong>23.11.2023<\/strong><\/p>\n<p><em>Profissionais da comunica\u00e7\u00e3o e TI prop\u00f5em fraternidade nas rela\u00e7\u00f5es midi\u00e1ticas. Representantes da NetOne de todo o Brasil, anunciam novos projetos.<\/em><\/p>\n<p>O encontro NetOne neste s\u00e1bado (18) apontou aos participantes presenciais e on-line caminhos para trabalhar por uma comunica\u00e7\u00e3o que leve a fraternidade \u00e0 sociedade. &#8220;Quem somos e o que queremos&#8221; foi o t\u00edtulo do evento.<\/p>\n<p>Ap\u00f3s a apresenta\u00e7\u00e3o de cada participante, seguiu-se uma entrevista gravada pelo jornalista Lu\u00eds Henrique Marques, com a soci\u00f3loga Vera Ara\u00fajo. Ela \u00e9 uma das principais respons\u00e1veis pelo lan\u00e7amento dessa proposta nas ci\u00eancias humanas. Aos 83 anos, Vera \u00e9 uma das pioneiras brasileiras do Movimento dos Focolares (www.focolare.org\/pt), do qual originou-se a NetOne.<img decoding=\"async\" class=\" wp-image-7011 alignright\" src=\"http:\/\/www.net-one.org\/wp-content\/uploads\/2023\/11\/IMG-20231119-WA00051-300x190.jpg\" alt=\"\" width=\"406\" height=\"257\" srcset=\"https:\/\/www.net-one.org\/wp-content\/uploads\/2023\/11\/IMG-20231119-WA00051-300x190.jpg 300w, https:\/\/www.net-one.org\/wp-content\/uploads\/2023\/11\/IMG-20231119-WA00051-768x486.jpg 768w, https:\/\/www.net-one.org\/wp-content\/uploads\/2023\/11\/IMG-20231119-WA00051.jpg 955w\" sizes=\"(max-width: 406px) 100vw, 406px\" \/><\/p>\n<p>Na entrevista, evidenciou-se a unidade como raiz e valor, e a diversidade como um princ\u00edpio indispens\u00e1vel na conviv\u00eancia humana.<br \/>\nA soci\u00f3loga associa esses elementos ao &#8220;Amor Ag\u00e1pico&#8221;, (aquele pronto a dar a vida pelo pr\u00f3ximo).<\/p>\n<p><strong>Pontos a questionar e promover<\/strong><\/p>\n<p>Emergiram ainda pontos a questionar na comunica\u00e7\u00e3o: o relativismo \u00e9tico; a espetaculariza\u00e7\u00e3o da vida sem o devido respeito \u00e0 individualidade; a competitividade entre os profissionais e entre grupos de m\u00eddia; a exposi\u00e7\u00e3o da esfera privada nas redes.<br \/>\nVieram em evid\u00eancia tamb\u00e9m pontos a colocar em pr\u00e1tica: a \u00e9tica e a compet\u00eancia como pr\u00e9-requisitos para a atua\u00e7\u00e3o profissional; valoriza\u00e7\u00e3o do positivo nos fatos; e a centralidade do ser humano nas produ\u00e7\u00f5es midi\u00e1ticas, cient\u00edficas, e nos relacionamentos profissionais.&#8221;Trata-se realmente de uma aventura que nos torna mais humanos&#8221;, enfatizou Vera Ara\u00fajo.<\/p>\n<p>Seguiram-se relatos de experi\u00eancias na linha do que sugeriu a soci\u00f3loga e outras participa\u00e7\u00f5es virtuais e presenciais. As falas evidenciaram a necessidade e urg\u00eancia da forma\u00e7\u00e3o de grupos e de uma rede de conviv\u00eancia em unidade, na diversidade, com respeito \u00e0s individualidades.<br \/>\nForam cinco participantes presenciais e 11 remotos, entre profissionais de TI, r\u00e1dio e televis\u00e3o, publicit\u00e1rios e jornalistas, de cinco estados e Bras\u00edlia, presentes na grande m\u00eddia, na Revista Cidade Nova (dos Focolares), e em universidades, nos setores p\u00fablico e privado.<br \/>\nO meet foi de 10h \u00e0s 12h. <\/p>\n<p>Na parte da tarde, cinco membros da Comiss\u00e3o Nacional NetOne, numa sede dos Focolares em S\u00e3o Paulo, planejaram oficinas de comunica\u00e7\u00e3o para o GenFest de 2024 (https:\/\/instagram.com\/genfest.official?igshid=OGQ5ZDc2ODk2ZA==), al\u00e9m do cronograma das atividades da NetOne no Brasil para o ano que vem.<\/p>\n<p>Andr\u00e9a Moreira e Marcello Riella Benites<\/p>\n","protected":false},"excerpt":{"rendered":"<p>23.11.2023 Profissionais da comunica\u00e7\u00e3o e TI prop\u00f5em fraternidade nas rela\u00e7\u00f5es midi\u00e1ticas. Representantes da NetOne de todo o Brasil, anunciam novos projetos. O encontro NetOne neste s\u00e1bado (18) apontou aos participantes presenciais e on-line caminhos para trabalhar por uma comunica\u00e7\u00e3o que leve a fraternidade \u00e0 sociedade. &#8220;Quem somos e o que queremos&#8221; foi o t\u00edtulo do [&hellip;]<\/p>\n","protected":false},"author":1,"featured_media":7004,"comment_status":"open","ping_status":"open","sticky":false,"template":"","format":"standard","meta":{"footnotes":""},"categories":[],"tags":[],"class_list":["post-7019","post","type-post","status-publish","format-standard","has-post-thumbnail","hentry","entry","has-media"],"aioseo_notices":[],"_links":{"self":[{"href":"https:\/\/www.net-one.org\/pt-pt\/wp-json\/wp\/v2\/posts\/7019","targetHints":{"allow":["GET"]}}],"collection":[{"href":"https:\/\/www.net-one.org\/pt-pt\/wp-json\/wp\/v2\/posts"}],"about":[{"href":"https:\/\/www.net-one.org\/pt-pt\/wp-json\/wp\/v2\/types\/post"}],"author":[{"embeddable":true,"href":"https:\/\/www.net-one.org\/pt-pt\/wp-json\/wp\/v2\/users\/1"}],"replies":[{"embeddable":true,"href":"https:\/\/www.net-one.org\/pt-pt\/wp-json\/wp\/v2\/comments?post=7019"}],"version-history":[{"count":2,"href":"https:\/\/www.net-one.org\/pt-pt\/wp-json\/wp\/v2\/posts\/7019\/revisions"}],"predecessor-version":[{"id":7023,"href":"https:\/\/www.net-one.org\/pt-pt\/wp-json\/wp\/v2\/posts\/7019\/revisions\/7023"}],"wp:featuredmedia":[{"embeddable":true,"href":"https:\/\/www.net-one.org\/pt-pt\/wp-json\/wp\/v2\/media\/7004"}],"wp:attachment":[{"href":"https:\/\/www.net-one.org\/pt-pt\/wp-json\/wp\/v2\/media?parent=7019"}],"wp:term":[{"taxonomy":"category","embeddable":true,"href":"https:\/\/www.net-one.org\/pt-pt\/wp-json\/wp\/v2\/categories?post=7019"},{"taxonomy":"post_tag","embeddable":true,"href":"https:\/\/www.net-one.org\/pt-pt\/wp-json\/wp\/v2\/tags?post=7019"}],"curies":[{"name":"wp","href":"https:\/\/api.w.org\/{rel}","templated":true}]}}