{"id":7236,"date":"2024-03-04T18:16:10","date_gmt":"2024-03-04T17:16:10","guid":{"rendered":"https:\/\/www.net-one.org\/ia-uma-via-para-a-paz-global-e-o-desenvolvimento-humano-integral\/"},"modified":"2024-08-28T12:22:11","modified_gmt":"2024-08-28T10:22:11","slug":"ia-uma-via-para-a-paz-global-e-o-desenvolvimento-humano-integral","status":"publish","type":"post","link":"https:\/\/www.net-one.org\/pt-pt\/ia-uma-via-para-a-paz-global-e-o-desenvolvimento-humano-integral\/","title":{"rendered":"IA: uma via para a paz global e o desenvolvimento humano integral"},"content":{"rendered":"<p><img fetchpriority=\"high\" decoding=\"async\" class=\"alignnone wp-image-7164\" src=\"https:\/\/www.net-one.org\/wp-content\/uploads\/2024\/03\/IMG-20240222-WA0008-1-300x165.jpg\" alt=\"\" width=\"664\" height=\"365\" srcset=\"https:\/\/www.net-one.org\/wp-content\/uploads\/2024\/03\/IMG-20240222-WA0008-1-300x165.jpg 300w, https:\/\/www.net-one.org\/wp-content\/uploads\/2024\/03\/IMG-20240222-WA0008-1-1024x564.jpg 1024w, https:\/\/www.net-one.org\/wp-content\/uploads\/2024\/03\/IMG-20240222-WA0008-1-768x423.jpg 768w, https:\/\/www.net-one.org\/wp-content\/uploads\/2024\/03\/IMG-20240222-WA0008-1.jpg 1223w\" sizes=\"(max-width: 664px) 100vw, 664px\" \/><\/p>\n<p><strong>04.03.2024<\/strong><\/p>\n<p>Na quarta-feira, 21 de fevereiro, NetOne juntamente \u00e0 ONG New Humanity, em colabora\u00e7\u00e3o com a Miss\u00e3o da Santa S\u00e9 nas Na\u00e7\u00f5es Unidas, organizou a iniciativa \u201cAI: A Pathwayto Global Peace and Integral HumanDevelopment\u201d (AI: uma comunidade para a paz global e desenvolvimento humano integral), que aconteceu em Nova Iorque, UNHQ, ConferenceRoom 6, das 13:15 \u00e0s 14:45 e foi seguida online em diversas partes do mundo (<a href=\"https:\/\/www.net-one.org&lt;\/a&gt;\">https:\/\/www.net-one.org<\/a>;\u00a0 <a href=\"https:\/\/www.new-humanity.org\">https:\/\/www.new-humanity.org<\/a>; <a href=\"https:\/\/holyseemission.org\/\">https:\/\/holyseemission.org\/)<\/a><\/p>\n<p><img decoding=\"async\" class=\" wp-image-7149 alignleft\" src=\"https:\/\/www.net-one.org\/wp-content\/uploads\/2024\/03\/IMG-20240222-WA00351-300x171.jpg\" alt=\"\" width=\"475\" height=\"271\" srcset=\"https:\/\/www.net-one.org\/wp-content\/uploads\/2024\/03\/IMG-20240222-WA00351-300x171.jpg 300w, https:\/\/www.net-one.org\/wp-content\/uploads\/2024\/03\/IMG-20240222-WA00351-1024x584.jpg 1024w, https:\/\/www.net-one.org\/wp-content\/uploads\/2024\/03\/IMG-20240222-WA00351-768x438.jpg 768w, https:\/\/www.net-one.org\/wp-content\/uploads\/2024\/03\/IMG-20240222-WA00351.jpg 1219w\" sizes=\"(max-width: 475px) 100vw, 475px\" \/><\/p>\n<p>A sauda\u00e7\u00e3o de abertura de Vossa Excel\u00eancia Reverend\u00edssima Arcebispo Gabriele Caccia, observador permanente da Santa S\u00e9 nas Na\u00e7\u00f5es Unidas, deu o tom das reflex\u00f5es: \u201cEstamos \u00e0 beira de uma revolu\u00e7\u00e3o tecnol\u00f3gica sem precedentes na hist\u00f3ria da humanidade. A emerg\u00eancia da IA est\u00e1 remodelando o nosso mundo de modo profundo e sem precedentes. Da revolu\u00e7\u00e3o das ind\u00fastrias \u00e0 transforma\u00e7\u00e3o do nosso modo de viver, trabalhar e interagir, a IA tornou-se uma for\u00e7a motriz de mudan\u00e7a no s\u00e9culo 21\u201d.<br \/>\nNos \u00faltimos anos, o progresso digital trouxe oportunidades e desafios significativos, com graves implica\u00e7\u00f5es em todos os \u00e2mbitos da sociedade. Nessa \u00e9poca, as r\u00e1pidas mudan\u00e7as tecnol\u00f3gicas, a Intelig\u00eancia Artificial (IA) emergiu como um dos instrumentos mais potentes, com o potencial de transformar a sociedade, de promover a paz e alcan\u00e7ar o desenvolvimento sustent\u00e1vel. Todavia, as suas implica\u00e7\u00f5es \u00e9ticas permanecem objeto de um intenso debate.<br \/>\nMaddalenaMaltese, jornalista e representante da ONG New Humanity, moderadora da mesa redonda do evento, recordou que \u201cem 1\u00ba de janeiro passado, o Papa Francisco, na sua mensagem para o Dia Internacional da Paz, levantou quest\u00f5es urgentes sobre a IA: \u201cQuais ser\u00e3o as consequ\u00eancias, a m\u00e9dio e longo prazo, dessas novas tecnologias digitais? E quais impactos ter\u00e3o sobre os indiv\u00edduos e sobre a sociedade, assim como sobre a estabilidade e sobre a paz internacional?\u201d Ele tamb\u00e9m colocou em evid\u00eancia que o secret\u00e1rio geral Ant\u00f3nio Guterres, discutindo as prioridades para 2024, sublinhou que a IA ser\u00e1 de interesse de toda a humanidade, reiterando a necessidade de uma abordagem universal para encar\u00e1-la.<\/p>\n<p><img decoding=\"async\" class=\" wp-image-7169 alignleft\" src=\"https:\/\/www.net-one.org\/wp-content\/uploads\/2024\/03\/IMG-20240222-WA00062-300x170.jpg\" alt=\"\" width=\"395\" height=\"224\" \/>A mesa redonda, por meio do di\u00e1logo entre as diversas partes interessadas sobre os desafios \u00e9ticos apresentados pela IA e pelas estrat\u00e9gias, discutiu a intera\u00e7\u00e3o entre considera\u00e7\u00f5es t\u00e9cnicas, \u00e9ticas, pol\u00edticas, legais e econ\u00f4micas.<br \/>\nPadre Philip Larrey, professor de Filosofia no Boston College, decano de Filosofia da Pontif\u00edcia Universidade Lateranense, presidente do Humanity 2.0, exp\u00f4s uma s\u00e9rie de quest\u00f5es urgentes com base no tema da paz. \u201cChatGPT ou Gemini podem escrever um perfeito plano de paz, olhando para as situa\u00e7\u00f5es que estamos vivendo, mas estaremos dispostos a seguir essas indica\u00e7\u00f5es?\u201d, disse Larrey ao enfatizar o fator humano como decisivo nas decis\u00f5es a serem tomadas, tamb\u00e9m quando se trata de armas letais. Outro tema central do seu discurso foi aquele da empatia que podemos demonstrar \u00e0s m\u00e1quinas e que, \u00e0s vezes, t\u00eam prefer\u00eancia sobre o elemento humano. \u201cOs seres humanos compreendem o significado. As m\u00e1quinas n\u00e3o, embora elas estejam se tornando muito boas em simular o que consideramos significativo\u201d, insistiu o professor do Boston College, alertando contra o desafio, sempre mais dif\u00edcil, de discernir o que pertence ao homem e o que pertence \u00e0 tecnologia, com m\u00e1quinas que no futuro poder\u00e3o ser tamb\u00e9m programadas para ter sentimentos. <\/p>\n<p><img loading=\"lazy\" decoding=\"async\" class=\" wp-image-7154 alignright\" src=\"https:\/\/www.net-one.org\/wp-content\/uploads\/2024\/03\/IMG-20240222-WA00051-300x168.jpg\" alt=\"\" width=\"321\" height=\"180\" srcset=\"https:\/\/www.net-one.org\/wp-content\/uploads\/2024\/03\/IMG-20240222-WA00051-300x168.jpg 300w, https:\/\/www.net-one.org\/wp-content\/uploads\/2024\/03\/IMG-20240222-WA00051-1024x573.jpg 1024w, https:\/\/www.net-one.org\/wp-content\/uploads\/2024\/03\/IMG-20240222-WA00051-768x430.jpg 768w, https:\/\/www.net-one.org\/wp-content\/uploads\/2024\/03\/IMG-20240222-WA00051.jpg 1213w\" sizes=\"(max-width: 321px) 100vw, 321px\" \/>Laura Gherlone, pesquisadora em Semi\u00f3tica pelo Conselho Nacional de Pesquisas Cient\u00edficas e T\u00e9cnicas da Argentina e docente na Universidade Cat\u00f3lica da Argentina, membro da Comiss\u00e3o Internacional de NetOne, falou da Intelig\u00eancia Artificial e, de forma geral, das tecnologias digitais \u00e0 luz do pensamento da deocoloniza\u00e7\u00e3o digital. Ela sustentou que \u201choje, os contextos p\u00f3s-coloniais se encontram em uma encruzilhada: retroceder ou alcan\u00e7ar. Eles s\u00e3o for\u00e7ados a acelerar drasticamente alguns processos que hoje incorporam um modelo de consci\u00eancia tecnoc\u00eantrica, presumivelmente universal: a digitaliza\u00e7\u00e3o e a implementa\u00e7\u00e3o de sistemas de intelig\u00eancia artificial est\u00e3o entre esses processos\u201d. Ela afirma que esse processo \u201ctem sempre um custo alto, em pelo menos tr\u00eas n\u00edveis: em n\u00edvel econ\u00f4mico e t\u00e9cnico-estruturante, em n\u00edvel social e, enfim, a ado\u00e7\u00e3o acelerada e for\u00e7ada do progresso tecnol\u00f3gico como percurso at\u00e9 um modelo universal de consci\u00eancia\u201d. Gherlone sugere que \u201co debate \u00e9tico sobre IA poderia ser notavelmente enriquecido por uma reflex\u00e3o deocolonial, integrada, por exemplo, ao trabalho daqueles movimentos coletivos empenhados em repensar e redesenhar a arquitetura t\u00e9cnica \u2018do Sul\u2019, ou solu\u00e7\u00f5es te\u00f3rico-metodol\u00f3gicas e pr\u00e1ticas que, muitas vezes, s\u00e3o deixadas de lado porque distantes das l\u00f3gicas do lucro\u201d.<\/p>\n<p><img loading=\"lazy\" decoding=\"async\" class=\" wp-image-7174 alignright\" src=\"https:\/\/www.net-one.org\/wp-content\/uploads\/2024\/03\/IMG-20240222-WA00321-300x172.jpg\" alt=\"\" width=\"392\" height=\"225\" srcset=\"https:\/\/www.net-one.org\/wp-content\/uploads\/2024\/03\/IMG-20240222-WA00321-300x172.jpg 300w, https:\/\/www.net-one.org\/wp-content\/uploads\/2024\/03\/IMG-20240222-WA00321-1024x587.jpg 1024w, https:\/\/www.net-one.org\/wp-content\/uploads\/2024\/03\/IMG-20240222-WA00321-768x440.jpg 768w, https:\/\/www.net-one.org\/wp-content\/uploads\/2024\/03\/IMG-20240222-WA00321.jpg 1225w\" sizes=\"(max-width: 392px) 100vw, 392px\" \/> No encerramento do evento, duas boas pr\u00e1ticas da sociedade civil<br \/>\nMarianne Najm, engenheira de comunica\u00e7\u00f5es com sede em Beirute, se concentrou sobre a \u00e9tica de IA e sobre o conceito de juramento digital para os engenheiros e para quem quer que seja ativo no mundo digital. O projeto foi iniciado em 2019 inspirando-se no juramento de Hip\u00f3crates, o juramento que a maior parte dos m\u00e9dicos e m\u00e9dicas fazem ao final de seu percurso acad\u00eamico. Assim como o juramento de Hip\u00f3crates tem como objetivo visa despertar a obriga\u00e7\u00e3o humana dos atores digitais, direcionando o seu trabalho para um projeto eticamente centrado no homem.<br \/>\nMarcelle Momha, camaronesa que vive nos Estados Unidos, analista das pol\u00edticas e pesquisas tecnol\u00f3gicas especializadas em intelig\u00eancia artificial, tecnologias emergentes e cyber seguran\u00e7a, preparou uma interven\u00e7\u00e3o sobre a comunidade AI 2030, que para o momento n\u00e3o foi poss\u00edvel ilustrar, mas que est\u00e1 dispon\u00edvel nesse link. \u201cAI 2030 \u00e9 uma vivaz comunidade de l\u00edder empres\u00e1rios, cientistas de dados, profissionais de tecnologia da informa\u00e7\u00e3o e pesquisadores pioneiros dedicados a estruturar o poder de transforma\u00e7\u00e3o da intelig\u00eancia artificial em benef\u00edcio da humanidade reduzindo ao m\u00ednimo o potencial impacto negativo\u201d, explica Marcelle sobre o seu tema.<br \/>\nNa sua mensagem para o Dia Mundial da Paz, o Santo Padre recordou que \u201cos progressos tecnol\u00f3gicos que n\u00e3o levam a uma melhora da qualidade de vida de toda a humanidade, mas, ao contr\u00e1rio, agravam as desigualdades e os conflitos, n\u00e3o podem jamais serem considerados um verdadeiro progresso\u201d. Como organiza\u00e7\u00f5es da sociedade civil, queremos acompanhar os esfor\u00e7os das Na\u00e7\u00f5es Unidas e de todos aquelas institui\u00e7\u00f5es que est\u00e3o trabalhando por um empenho \u00e9tico no campo da tecnologia que apoiam os progressos digitais como contribui\u00e7\u00e3o \u00e0 promo\u00e7\u00e3o dos princ\u00edpios humanos de paz e fraternidade. <\/p>\n<p>\u00c9 poss\u00edvel ver a transmiss\u00e3o por meio desse link: https:\/\/webtv.un.org\/en\/asset\/k1h\/k1hpuunffo<\/p>\n<p><strong>Os discursos:<\/strong><\/p>\n<p><a href=\"https:\/\/www.net-one.org\/wp-content\/uploads\/2024\/03\/Sua-Eccellenza-lArcivescovo-Gabriele-Caccia.doc\">Sua Eccellenza l&#8217;Arcivescovo Gabriele Caccia<\/a><\/p>\n<p><a href=\"https:\/\/www.net-one.org\/wp-content\/uploads\/2024\/03\/Laura-Gherlone-ricercatrice-in-semiotica-membro-della-Commissione-Internazionale-di-NetOne.doc\">Laura Gherlone ricercatrice in semiotica membro della Commissione Internazionale di NetOne<\/a><\/p>\n<p><a href=\"https:\/\/www.net-one.org\/wp-content\/uploads\/2024\/03\/Marianne-Najm-ingegnere-delle-comunicazioni.doc\">Marianne Najm ingegnere delle comunicazioni<\/a><\/p>\n<p><a href=\"https:\/\/www.net-one.org\/wp-content\/uploads\/2024\/03\/The-digital-oath-21-Feb-reduced1.doc\">Marcelle Momha -Good Practices_ AI Meeting with UN Holy See &amp; NH<\/a><\/p>\n","protected":false},"excerpt":{"rendered":"<p>04.03.2024 Na quarta-feira, 21 de fevereiro, NetOne juntamente \u00e0 ONG New Humanity, em colabora\u00e7\u00e3o com a Miss\u00e3o da Santa S\u00e9 nas Na\u00e7\u00f5es Unidas, organizou a iniciativa \u201cAI: A Pathwayto Global Peace and Integral HumanDevelopment\u201d (AI: uma comunidade para a paz global e desenvolvimento humano integral), que aconteceu em Nova Iorque, UNHQ, ConferenceRoom 6, das 13:15 [&hellip;]<\/p>\n","protected":false},"author":1,"featured_media":7172,"comment_status":"open","ping_status":"open","sticky":false,"template":"","format":"standard","meta":{"footnotes":""},"categories":[],"tags":[],"class_list":["post-7236","post","type-post","status-publish","format-standard","has-post-thumbnail","hentry","entry","has-media"],"aioseo_notices":[],"_links":{"self":[{"href":"https:\/\/www.net-one.org\/pt-pt\/wp-json\/wp\/v2\/posts\/7236","targetHints":{"allow":["GET"]}}],"collection":[{"href":"https:\/\/www.net-one.org\/pt-pt\/wp-json\/wp\/v2\/posts"}],"about":[{"href":"https:\/\/www.net-one.org\/pt-pt\/wp-json\/wp\/v2\/types\/post"}],"author":[{"embeddable":true,"href":"https:\/\/www.net-one.org\/pt-pt\/wp-json\/wp\/v2\/users\/1"}],"replies":[{"embeddable":true,"href":"https:\/\/www.net-one.org\/pt-pt\/wp-json\/wp\/v2\/comments?post=7236"}],"version-history":[{"count":1,"href":"https:\/\/www.net-one.org\/pt-pt\/wp-json\/wp\/v2\/posts\/7236\/revisions"}],"predecessor-version":[{"id":7237,"href":"https:\/\/www.net-one.org\/pt-pt\/wp-json\/wp\/v2\/posts\/7236\/revisions\/7237"}],"wp:featuredmedia":[{"embeddable":true,"href":"https:\/\/www.net-one.org\/pt-pt\/wp-json\/wp\/v2\/media\/7172"}],"wp:attachment":[{"href":"https:\/\/www.net-one.org\/pt-pt\/wp-json\/wp\/v2\/media?parent=7236"}],"wp:term":[{"taxonomy":"category","embeddable":true,"href":"https:\/\/www.net-one.org\/pt-pt\/wp-json\/wp\/v2\/categories?post=7236"},{"taxonomy":"post_tag","embeddable":true,"href":"https:\/\/www.net-one.org\/pt-pt\/wp-json\/wp\/v2\/tags?post=7236"}],"curies":[{"name":"wp","href":"https:\/\/api.w.org\/{rel}","templated":true}]}}