{"id":7413,"date":"2024-06-24T00:32:46","date_gmt":"2024-06-23T22:32:46","guid":{"rendered":"https:\/\/www.net-one.org\/a-luz-na-fazenda-roberto-moliterni-saverio-dercole\/"},"modified":"2024-08-30T19:11:49","modified_gmt":"2024-08-30T17:11:49","slug":"a-luz-na-fazenda-roberto-moliterni-saverio-dercole","status":"publish","type":"post","link":"https:\/\/www.net-one.org\/pt-pt\/a-luz-na-fazenda-roberto-moliterni-saverio-dercole\/","title":{"rendered":"A luz na fazenda \u2013 Roberto Moliterni, Saverio D\u2019Ercole"},"content":{"rendered":"<p><img fetchpriority=\"high\" decoding=\"async\" class=\"size-medium wp-image-7403 alignleft\" src=\"https:\/\/www.net-one.org\/wp-content\/uploads\/2024\/06\/saverio-e1719181889401-300x300.jpg\" alt=\"\" width=\"300\" height=\"300\" \/>Compartilhamos a not\u00edcia da apresenta\u00e7\u00e3o desse livro, que remete \u00e0 hist\u00f3ria do filme para TV apresentado pela primeira vez no domingo, 7 de janeiro, em hor\u00e1rio nobre da Rai 1 \u2013 produ\u00e7\u00e3o da Eliseo Entertainment. Saverio D\u2019Ercole, um dos autores, \u00e9 membro da nossa rede.<\/p>\n<p>Matera, no in\u00edcio dos anos 1960, caminha num equil\u00edbrio inst\u00e1vel entre dois mundos, o do passado, ligado \u00e0 terra, que se manteve inalterada durante d\u00e9cadas, e o do futuro, e de uma It\u00e1lia muito maior e mais distante, que chega ao interior das casas, gra\u00e7as ao sopro de um novo vento perfumado de milagre: a televis\u00e3o. Os Rondinones s\u00e3o agricultores h\u00e1 gera\u00e7\u00f5es e suas vidas sempre se desenrolaram em torno da fazenda da fam\u00edlia. Enquanto Pinuccio, o pequeno da casa, descobre a caixa m\u00e1gica da televis\u00e3o, que tamb\u00e9m come\u00e7a a se espalhar naquela cidade do sul, isolada do resto do pa\u00eds, onde o tempo parece ter parado, o progresso e a adversidade passam a atrapalhar a vida da fam\u00edlia. Ser\u00e3o os olhos de Pinuccio que nos contar\u00e3o a confus\u00e3o do av\u00f4 Eust\u00e1quio face o futuro iminente, os sacrif\u00edcios da sua m\u00e3e, as aspira\u00e7\u00f5es da sua irm\u00e3 e as tenta\u00e7\u00f5es dos seus tios de ir trabalhar na f\u00e1brica ou imigrar, bem como o desejo dos seus primos que fiquem todos juntos na fazenda. E, sobretudo, o sonho de amor puro de Imma e as esperan\u00e7as de Vincenzo, seu tio preferido, obrigaram antes de tudo a compreender que a \u00fanica forma de n\u00e3o mudar \u00e9 aceitar faz\u00ea-lo. Ser\u00e1 gra\u00e7as a ele e \u00e0 paix\u00e3o de Pinuccio pela televis\u00e3o que a fam\u00edlia Rondinone encontrar\u00e1 um novo equil\u00edbrio.<\/p>\n<p>A hist\u00f3ria que inspirou o filme hom\u00f4nimo para comemorar o septuag\u00e9simo anivers\u00e1rio do nascimento da RAI n\u00e3o \u00e9 apenas uma hist\u00f3ria sobre o poder salvador do afeto, mas tamb\u00e9m um mergulho naqueles anos preto e branco que colorem a nossa mem\u00f3ria.<\/p>\n<p>Roberto Moliterni nasceu em 1984 e cresceu em Matera. Publicou uma d\u00fazia de ensaios e romances. Esses incluem Arrivalderci a Berlin Est (Rai Eri, 2015), The Cardboard House (Quodlibet, 2018) e The Diva (HarperCollins, 2022). Como roteirista, escreveu document\u00e1rios e filmes de fic\u00e7\u00e3o. Foi colunista de Donna Moderna, Paese Sera e Il Quotidiano del Sud, e ainda escreve hist\u00f3rias para Confidenze. Em 2014, junto com dois amigos, criou as primeiras cartas do jogo materano.<\/p>\n<p>Saverio D\u2019Ercole nasceu em Matera em 1965. Produtor criativo e autor, trabalhou durante 14 anos na Lux Vide, colaborando na cria\u00e7\u00e3o de filmes, miniss\u00e9ries e s\u00e9ries de televis\u00e3o para o hor\u00e1rio nobre da Rai 1 e Canale 5. Desde 1010, \u00e9 chefe de drama da \u00c8liseo Entertainment, com a qual assinou, entre outros, Adriano Olivetti, La strada di casa, Io sono Mia, BlackOut. Foi tamb\u00e9m professor na Universidade Cat\u00f3lica do Sagrado Cora\u00e7\u00e3o de Mil\u00e3o, no \u00e2mbito do mestrado em escrita e produ\u00e7\u00e3o para fic\u00e7\u00e3o e cinema.<\/p>\n<p>Trailler: <a href=\"https:\/\/www.youtube.com\/watch?v=bgvlOpd0n-M&amp;ab_channel=MovieDigger\">https:\/\/www.youtube.com\/watch?v=bgvlOpd0n-M&amp;ab_channel=MovieDigger<\/a><\/p>\n<p>Fonte:<a href=\"https:\/\/www.mondadori.it\/libri\/la-luce-nella-masseria-roberto-moliterni-saverio-dercole\/\">https:\/\/www.mondadori.it\/libri\/la-luce-nella-masseria-roberto-moliterni-saverio-dercole\/<\/a><\/p>\n<p>&nbsp;<\/p>\n","protected":false},"excerpt":{"rendered":"<p>Compartilhamos a not\u00edcia da apresenta\u00e7\u00e3o desse livro, que remete \u00e0 hist\u00f3ria do filme para TV apresentado pela primeira vez no domingo, 7 de janeiro, em hor\u00e1rio nobre da Rai 1 \u2013 produ\u00e7\u00e3o da Eliseo Entertainment. Saverio D\u2019Ercole, um dos autores, \u00e9 membro da nossa rede. Matera, no in\u00edcio dos anos 1960, caminha num equil\u00edbrio inst\u00e1vel [&hellip;]<\/p>\n","protected":false},"author":1,"featured_media":7406,"comment_status":"open","ping_status":"open","sticky":false,"template":"","format":"standard","meta":{"footnotes":""},"categories":[],"tags":[],"class_list":["post-7413","post","type-post","status-publish","format-standard","has-post-thumbnail","hentry","entry","has-media"],"aioseo_notices":[],"_links":{"self":[{"href":"https:\/\/www.net-one.org\/pt-pt\/wp-json\/wp\/v2\/posts\/7413","targetHints":{"allow":["GET"]}}],"collection":[{"href":"https:\/\/www.net-one.org\/pt-pt\/wp-json\/wp\/v2\/posts"}],"about":[{"href":"https:\/\/www.net-one.org\/pt-pt\/wp-json\/wp\/v2\/types\/post"}],"author":[{"embeddable":true,"href":"https:\/\/www.net-one.org\/pt-pt\/wp-json\/wp\/v2\/users\/1"}],"replies":[{"embeddable":true,"href":"https:\/\/www.net-one.org\/pt-pt\/wp-json\/wp\/v2\/comments?post=7413"}],"version-history":[{"count":4,"href":"https:\/\/www.net-one.org\/pt-pt\/wp-json\/wp\/v2\/posts\/7413\/revisions"}],"predecessor-version":[{"id":7424,"href":"https:\/\/www.net-one.org\/pt-pt\/wp-json\/wp\/v2\/posts\/7413\/revisions\/7424"}],"wp:featuredmedia":[{"embeddable":true,"href":"https:\/\/www.net-one.org\/pt-pt\/wp-json\/wp\/v2\/media\/7406"}],"wp:attachment":[{"href":"https:\/\/www.net-one.org\/pt-pt\/wp-json\/wp\/v2\/media?parent=7413"}],"wp:term":[{"taxonomy":"category","embeddable":true,"href":"https:\/\/www.net-one.org\/pt-pt\/wp-json\/wp\/v2\/categories?post=7413"},{"taxonomy":"post_tag","embeddable":true,"href":"https:\/\/www.net-one.org\/pt-pt\/wp-json\/wp\/v2\/tags?post=7413"}],"curies":[{"name":"wp","href":"https:\/\/api.w.org\/{rel}","templated":true}]}}