{"id":7538,"date":"2024-08-01T22:16:34","date_gmt":"2024-08-01T20:16:34","guid":{"rendered":"https:\/\/www.net-one.org\/assembleia-internacional-de-netone\/"},"modified":"2024-08-26T17:15:51","modified_gmt":"2024-08-26T15:15:51","slug":"assembleia-internacional-de-netone","status":"publish","type":"post","link":"https:\/\/www.net-one.org\/pt-pt\/assembleia-internacional-de-netone\/","title":{"rendered":"Assembleia internacional de NetOne"},"content":{"rendered":"<p>\tNo dia 29 de junho, realizou-se a Assembleia anual da nossa associa\u00e7\u00e3o. Participaram profissionais e acad\u00eamicos de comunica\u00e7\u00e3o, m\u00eddia e tecnologia de diferentes \u00e1reas de atividade e regi\u00f5es do mundo. Na ocasi\u00e3o, foram apresentados os novos s\u00f3cios e a atual Comiss\u00e3o Internacional de NetOne, coordenada pela comunic\u00f3loga argentina Isabel Gatti, que ofereceu um breve informe sobre os principais projetos nos quais est\u00e1 envolvida atualmente essa express\u00e3o do Movimento dos Focolares: Comunica\u00e7\u00e3o e Sinodalidade, Digital Oath, Genfest 2024 e o Curso Comunica\u00e7\u00e3o generativa e constru\u00e7\u00e3o de paz.<\/p>\n<p><img fetchpriority=\"high\" decoding=\"async\" class=\"size-medium wp-image-7527 alignleft\" src=\"https:\/\/www.net-one.org\/wp-content\/uploads\/2024\/08\/Photo-Asamblea-2-300x296.png\" alt=\"\" width=\"300\" height=\"296\" srcset=\"https:\/\/www.net-one.org\/wp-content\/uploads\/2024\/08\/Photo-Asamblea-2-300x296.png 300w, https:\/\/www.net-one.org\/wp-content\/uploads\/2024\/08\/Photo-Asamblea-2-768x757.png 768w, https:\/\/www.net-one.org\/wp-content\/uploads\/2024\/08\/Photo-Asamblea-2.png 956w\" sizes=\"(max-width: 300px) 100vw, 300px\" \/><\/p>\n<p>NetOne \u00e9 uma comunidade de profissionais e acad\u00eamicos que promovem a constru\u00e7\u00e3o de uma cultura midi\u00e1tica e tecnol\u00f3gica inspirada em valores como a paz, a fraternidade e a unidade. \u201cOs membros comprometem-se a estabelecer a unidade entre eles e a estudar e utilizar os meios de comunica\u00e7\u00e3o como ferramentas para criar um mundo mais unido\u201d, afirma o estatuto da associa\u00e7\u00e3o. Nesse sentido, sua proposta \u00e9 que esses meios n\u00e3o sejam marcados pela competitividade, n\u00e3o sejam invasivos, n\u00e3o exer\u00e7am dom\u00ednio sobre as pessoas e as situa\u00e7\u00f5es, mas sim que \u201cguiem-se pela busca de uma rela\u00e7\u00e3o aut\u00eantica com o p\u00fablico, respeitando as pessoas e as institui\u00e7\u00f5es, e ajudem o ser humano no caminho \u00e0 verdade, em uma din\u00e2mica de unidade e distin\u00e7\u00e3o\u201d.<br \/>\n\tFundada em 2004, a Associa\u00e7\u00e3o NetOne n\u00e3o tem fins lucrativos, sua sede encontra-se em Roma (It\u00e1lia) e possui s\u00f3cios em todo o mundo. Seu atual presidente \u00e9 o italiano Franco Ropelato, profissional de Tecnologia de Informa\u00e7\u00e3o. Segundo seu estatuto, entre os objetivos da associa\u00e7\u00e3o est\u00e1 o de promover a\u00e7\u00f5es de capacita\u00e7\u00e3o para operadores, pesquisadores, docentes e estudantes de comunica\u00e7\u00e3o social e tecnologia, assim como projetos de difus\u00e3o da produ\u00e7\u00e3o de conhecimento e experi\u00eancias pr\u00e1ticas que expressam os prop\u00f3sitos de NetOne. Essas a\u00e7\u00f5es incluem semin\u00e1rios de estudo, jornadas, congressos, publica\u00e7\u00e3o de livros, estudos e artigos, cursos e outros, em diferentes \u00e2mbitos, do local ao internacional. Um dos objetivos concretos da entidade neste momento \u00e9 promover a cria\u00e7\u00e3o de associa\u00e7\u00f5es similares em outros pa\u00edses.<br \/>\n\tDurante a Assembleia foi lembrado que no pr\u00f3ximo ano ser\u00e3o comemorados os 25 anos da funda\u00e7\u00e3o de NetOne. Juntos, os participantes concordaram em realizar uma celebra\u00e7\u00e3o cujo prop\u00f3sito ser\u00e1 o de divulgar as contribui\u00e7\u00f5es te\u00f3ricas e pr\u00e1ticas que consolidaram-se nesses anos em diferentes produtos culturais. Ser\u00e3o convidadas tamb\u00e9m pessoas e institui\u00e7\u00f5es que compartilham do nosso olhar \u00e9tico sobre o mundo da comunica\u00e7\u00e3o para favorecer o trabalho em conjunto e, assim, gerar maior incid\u00eancia.<br \/>\nPor Lu\u00eds Henrique Marques (NetOne Brazil &#8211; Comiss\u00e3o Internacional)<\/p>\n","protected":false},"excerpt":{"rendered":"<p>No dia 29 de junho, realizou-se a Assembleia anual da nossa associa\u00e7\u00e3o. Participaram profissionais e acad\u00eamicos de comunica\u00e7\u00e3o, m\u00eddia e tecnologia de diferentes \u00e1reas de atividade e regi\u00f5es do mundo. Na ocasi\u00e3o, foram apresentados os novos s\u00f3cios e a atual Comiss\u00e3o Internacional de NetOne, coordenada pela comunic\u00f3loga argentina Isabel Gatti, que ofereceu um breve informe [&hellip;]<\/p>\n","protected":false},"author":1,"featured_media":7530,"comment_status":"open","ping_status":"open","sticky":false,"template":"","format":"standard","meta":{"footnotes":""},"categories":[64],"tags":[72],"class_list":["post-7538","post","type-post","status-publish","format-standard","has-post-thumbnail","hentry","category-noticias-pt-pt","tag-netone-pt-pt","entry","has-media"],"aioseo_notices":[],"_links":{"self":[{"href":"https:\/\/www.net-one.org\/pt-pt\/wp-json\/wp\/v2\/posts\/7538","targetHints":{"allow":["GET"]}}],"collection":[{"href":"https:\/\/www.net-one.org\/pt-pt\/wp-json\/wp\/v2\/posts"}],"about":[{"href":"https:\/\/www.net-one.org\/pt-pt\/wp-json\/wp\/v2\/types\/post"}],"author":[{"embeddable":true,"href":"https:\/\/www.net-one.org\/pt-pt\/wp-json\/wp\/v2\/users\/1"}],"replies":[{"embeddable":true,"href":"https:\/\/www.net-one.org\/pt-pt\/wp-json\/wp\/v2\/comments?post=7538"}],"version-history":[{"count":1,"href":"https:\/\/www.net-one.org\/pt-pt\/wp-json\/wp\/v2\/posts\/7538\/revisions"}],"predecessor-version":[{"id":7543,"href":"https:\/\/www.net-one.org\/pt-pt\/wp-json\/wp\/v2\/posts\/7538\/revisions\/7543"}],"wp:featuredmedia":[{"embeddable":true,"href":"https:\/\/www.net-one.org\/pt-pt\/wp-json\/wp\/v2\/media\/7530"}],"wp:attachment":[{"href":"https:\/\/www.net-one.org\/pt-pt\/wp-json\/wp\/v2\/media?parent=7538"}],"wp:term":[{"taxonomy":"category","embeddable":true,"href":"https:\/\/www.net-one.org\/pt-pt\/wp-json\/wp\/v2\/categories?post=7538"},{"taxonomy":"post_tag","embeddable":true,"href":"https:\/\/www.net-one.org\/pt-pt\/wp-json\/wp\/v2\/tags?post=7538"}],"curies":[{"name":"wp","href":"https:\/\/api.w.org\/{rel}","templated":true}]}}