{"id":7763,"date":"2024-10-28T18:53:21","date_gmt":"2024-10-28T17:53:21","guid":{"rendered":"https:\/\/www.net-one.org\/congresso-sustentabilidade-relacional\/"},"modified":"2025-02-27T23:30:33","modified_gmt":"2025-02-27T22:30:33","slug":"congresso-sustentabilidade-relacional","status":"publish","type":"post","link":"https:\/\/www.net-one.org\/pt-pt\/congresso-sustentabilidade-relacional\/","title":{"rendered":"Congresso Sustentabilidade relacional"},"content":{"rendered":"<p>Com NetOne acompanhamos esse evento de car\u00e1ter interdisciplinar. Isabel Gatti, coordenadora internacional da nossa associa\u00e7\u00e3o, desenvolveu o tema:<a href=\"https:\/\/www.net-one.org\/wp-content\/uploads\/2024\/10\/Per-Eco-one-Sp.pdf\"> A contribui\u00e7\u00e3o das ci\u00eancias da comunica\u00e7\u00e3o para a sustentabilidade relacional, em italiano e em espanhol.<\/a><img fetchpriority=\"high\" decoding=\"async\" class=\"size-medium wp-image-7730 alignright\" src=\"https:\/\/www.net-one.org\/wp-content\/uploads\/2024\/11\/Isa-293x300.jpg\" alt=\"\" width=\"293\" height=\"300\" srcset=\"https:\/\/www.net-one.org\/wp-content\/uploads\/2024\/11\/Isa-293x300.jpg 293w, https:\/\/www.net-one.org\/wp-content\/uploads\/2024\/11\/Isa.jpg 398w\" sizes=\"(max-width: 293px) 100vw, 293px\" \/><\/p>\n<p>Para a revista Citt\u00e0 Nuova- Francesco Mazzarella preparou esse artigo que resume a import\u00e2ncia dessa proposta:<\/p>\n<p><strong>Rela\u00e7\u00f5es sustent\u00e1veis para o futuro: a integra\u00e7\u00e3o das ci\u00eancias e humanidade no Congresso Internacional de Castel Gandolfo e C\u00f3rdoba \u2013 19 de outubro de 2004<\/strong><\/p>\n<p>Um congresso interdisciplinar para promover uma vis\u00e3o hol\u00edstica da sustentabilidade, unindo ci\u00eancias naturais e sociais por meio da ecolog\u00eda integral<\/p>\n<p>Promovido pela ONG New Humanity, o congresso teve apoio de diversas iniciativas globais e representa um ponto de encontro para estudiosos, pesquisadores, estudantes e docentes provenientes de todas as partes do mundo.<\/p>\n<p>Uma abordagem hol\u00edstica para o futuro sustent\u00e1vel<br \/>\nA sustentabilidade relacional, tema central do evento, concentra-se sobre intera\u00e7\u00f5es e conex\u00f5es entre individuos, sociedade e natureza. O objetivo \u00e9 desenvolver uma nova s\u00edntese que integre as dimens\u00f5es pessoais, ambientais, sociais e econ\u00f3micas, favorecendo rela\u00e7oes profundas e significativas que possam lan\u00e7ar as bases de um mundo mais justo e resiliente. Essa abordagem, descrita como \u201cecolog\u00eda integral\u201d, reflete uma vis\u00e3o que combina aspectos ecol\u00f3gicos, \u00e9ticos e sociais, inspirada no conceito de unidade concebido por Chiara Lubich, fundadora do Movimento dos Focolares.<\/p>\n<p><strong>Un congresso sem precedentes<\/strong><br \/>\nPela primeira vez em um congresso internacional, discplinas t\u00e3o diversas como ecologia, sociologia, economia, medicina, psicologia e muitas outras uniram-se para oferecer uma vis\u00e3o conjunta e propor solu\u00e7\u00f5es concretas para os desaf\u00edos globais contempor\u00e1neos. O programa do congresso incluiu discursos de abertura, workshops interativos, mesas redondas e apresenta\u00e7\u00f5es de p\u00f3steres, que favorecem a colabora\u00e7\u00e3o interdisciplinar e o compartilhamento de ideias inovativas. O evento explorou v\u00e1rios assuntos, entre os quais o desenvolvimento sustent\u00e1vel, a \u00e9tica ambiental, o planejamento urbano sustent\u00e1vel e o papel da tecnolog\u00eda e da educa\u00e7\u00e3o na promo\u00e7\u00e3o de uma cultura da sustentabilidade. Essa abordagem integrada \u00e9 fundamental para enfrentar quest\u00f5es complexas como a mudan\u00e7a clim\u00e1tica, a exaust\u00e3o dos recursos naturais e as desigualdades sociais.<\/p>\n<p><strong><img decoding=\"async\" class=\"size-medium wp-image-7736 alignleft\" src=\"https:\/\/www.net-one.org\/wp-content\/uploads\/2024\/11\/luca-e-Stef-1-300x277.jpg\" alt=\"\" width=\"300\" height=\"277\" srcset=\"https:\/\/www.net-one.org\/wp-content\/uploads\/2024\/11\/luca-e-Stef-1-300x277.jpg 300w, https:\/\/www.net-one.org\/wp-content\/uploads\/2024\/11\/luca-e-Stef-1-768x710.jpg 768w, https:\/\/www.net-one.org\/wp-content\/uploads\/2024\/11\/luca-e-Stef-1.jpg 966w\" sizes=\"(max-width: 300px) 100vw, 300px\" \/><strong>A sustentabilidade relacional como resposta aos desaf\u00edos globais<\/strong><br \/>\n<\/strong>A sustentabilidade relacional surge como uma propriedade \u201cemergente\u201d que se desenvolve quando s\u00e3o estabelecidas rela\u00e7\u00f5es construtivas entre os seres humanos e o ambiente, orientando os processos em dire\u00e7\u00e3o ao bem comum. O conceito de ecolog\u00eda integral sublinha a necessidade de considerar todo o ecosistema humano-natural como uma \u00fanica entidade interconectada. Isso requer uma mudan\u00e7a de paradgima, que v\u00ea o homem n\u00e3o mais como dominador da natureza, mas como integrante dela. Durante as sess\u00f5es plen\u00e1rias, especialistas discutiram como a combina\u00e7\u00e3o das ci\u00eancias humanas e naturais podem oferecer novas perspectivas e solu\u00e7\u00f5es. Tamb\u00e9m foram apresentados estudos e pesquisas inovativas que dizem respeito a temas como a economia circular, as energ\u00edas renov\u00e1veis e descrescimento feliz, todos elementos que contribuem para uma vis\u00e3o mais harmoniosa e respeitosa do nosso planeta.<\/p>\n<p><strong>Um convite aberto ao di\u00e1logo e \u00e0 colabora\u00e7\u00e3o<\/strong><br \/>\nUm dos objetivos principais do congresso foi criar um espa\u00e7o seguro e aberto para o di\u00e1logo, em que as ideias pudessem fluir livremente e os participantes pudessem colaborar para desenvolver respostas concretas aos problemas do nosso tempo. Esse evento foi tamb\u00e9m um convite destinado a governos, empresas, organiza\u00e7\u00f5es sem fins lucrativos e cidad\u00e3os de todo o mundo a unir-se em um di\u00e1logo significativo e construtivo. Gra\u00e7as ao empenho de New Humanity e \u00e0 colabora\u00e7\u00e3o de numerosas organiza\u00e7\u00f5es, o congresso buscou oferecer uma cultura da sustentabilidade que n\u00e3o fosse somente ambiental, mas tamb\u00e9m social e humana. A integra\u00e7\u00e3o dessas diferentes perspectivas \u00e9 fundamental para imaginar e construir um futuro que possa de fato ser sustent\u00e1vel para todos.<br \/>\n<img decoding=\"async\" class=\"wp-image-7741 alignright\" src=\"https:\/\/www.net-one.org\/wp-content\/uploads\/2024\/11\/20241017_184822-1-300x139.jpg\" alt=\"\" width=\"406\" height=\"188\" srcset=\"https:\/\/www.net-one.org\/wp-content\/uploads\/2024\/11\/20241017_184822-1-300x139.jpg 300w, https:\/\/www.net-one.org\/wp-content\/uploads\/2024\/11\/20241017_184822-1-1024x473.jpg 1024w, https:\/\/www.net-one.org\/wp-content\/uploads\/2024\/11\/20241017_184822-1-768x355.jpg 768w, https:\/\/www.net-one.org\/wp-content\/uploads\/2024\/11\/20241017_184822-1-1536x709.jpg 1536w, https:\/\/www.net-one.org\/wp-content\/uploads\/2024\/11\/20241017_184822-1-2048x946.jpg 2048w\" sizes=\"(max-width: 406px) 100vw, 406px\" \/><\/p>\n<p><strong>O Congresso Internacional sobre Sustentabilidade Relacional representou uma ocasi\u00e3o \u00fanica para refletir sobre o nosso papel no mundo e sobre nossas responsabilidade nesse sentido. <\/strong>Por meio da integra\u00e7\u00e3o das ci\u00eancias humanas e naturais, e gra\u00e7as \u00e0 contribui\u00e7\u00e3o da ecologia integral, esse evento buscou construir uma cultura que promova a coes\u00e3o social, a justi\u00e7a ambiental e a sustentabilidade a longo prazo. Para qualquer pessoa que deseja compreender e construir essa nova vis\u00e3o do futuro, o congresso ofereceu uma oportunidade preciosa de aprendizado e participa\u00e7\u00e3o.<\/p>\n","protected":false},"excerpt":{"rendered":"<p>Com NetOne acompanhamos esse evento de car\u00e1ter interdisciplinar. Isabel Gatti, coordenadora internacional da nossa associa\u00e7\u00e3o, desenvolveu o tema: A contribui\u00e7\u00e3o das ci\u00eancias da comunica\u00e7\u00e3o para a sustentabilidade relacional, em italiano e em espanhol. Para a revista Citt\u00e0 Nuova- Francesco Mazzarella preparou esse artigo que resume a import\u00e2ncia dessa proposta: Rela\u00e7\u00f5es sustent\u00e1veis para o futuro: a [&hellip;]<\/p>\n","protected":false},"author":1,"featured_media":7750,"comment_status":"open","ping_status":"open","sticky":false,"template":"","format":"standard","meta":{"footnotes":""},"categories":[64],"tags":[],"class_list":["post-7763","post","type-post","status-publish","format-standard","has-post-thumbnail","hentry","category-noticias-pt-pt","entry","has-media"],"aioseo_notices":[],"_links":{"self":[{"href":"https:\/\/www.net-one.org\/pt-pt\/wp-json\/wp\/v2\/posts\/7763","targetHints":{"allow":["GET"]}}],"collection":[{"href":"https:\/\/www.net-one.org\/pt-pt\/wp-json\/wp\/v2\/posts"}],"about":[{"href":"https:\/\/www.net-one.org\/pt-pt\/wp-json\/wp\/v2\/types\/post"}],"author":[{"embeddable":true,"href":"https:\/\/www.net-one.org\/pt-pt\/wp-json\/wp\/v2\/users\/1"}],"replies":[{"embeddable":true,"href":"https:\/\/www.net-one.org\/pt-pt\/wp-json\/wp\/v2\/comments?post=7763"}],"version-history":[{"count":1,"href":"https:\/\/www.net-one.org\/pt-pt\/wp-json\/wp\/v2\/posts\/7763\/revisions"}],"predecessor-version":[{"id":7970,"href":"https:\/\/www.net-one.org\/pt-pt\/wp-json\/wp\/v2\/posts\/7763\/revisions\/7970"}],"wp:featuredmedia":[{"embeddable":true,"href":"https:\/\/www.net-one.org\/pt-pt\/wp-json\/wp\/v2\/media\/7750"}],"wp:attachment":[{"href":"https:\/\/www.net-one.org\/pt-pt\/wp-json\/wp\/v2\/media?parent=7763"}],"wp:term":[{"taxonomy":"category","embeddable":true,"href":"https:\/\/www.net-one.org\/pt-pt\/wp-json\/wp\/v2\/categories?post=7763"},{"taxonomy":"post_tag","embeddable":true,"href":"https:\/\/www.net-one.org\/pt-pt\/wp-json\/wp\/v2\/tags?post=7763"}],"curies":[{"name":"wp","href":"https:\/\/api.w.org\/{rel}","templated":true}]}}