{"id":7965,"date":"2025-01-31T15:26:25","date_gmt":"2025-01-31T14:26:25","guid":{"rendered":"https:\/\/www.net-one.org\/comunicazione-per-costruire-comunita\/"},"modified":"2025-01-31T15:26:25","modified_gmt":"2025-01-31T14:26:25","slug":"comunicazione-per-costruire-comunita","status":"publish","type":"post","link":"https:\/\/www.net-one.org\/pt-pt\/comunicazione-per-costruire-comunita\/","title":{"rendered":"ComunicAzione per costruire comunit\u00e0"},"content":{"rendered":"<p><img decoding=\"async\" class=\" wp-image-7880 alignright\" src=\"https:\/\/www.net-one.org\/wp-content\/uploads\/2025\/02\/WhatsApp-Image-2025-01-20-at-12.06.40-150x150.jpeg\" alt=\"\" width=\"195\" height=\"195\" \/><\/p>\n<p>O social, as fake news, a intelig\u00eancia artificial, o individualismo amea\u00e7am a identidade dos comunicadores e \u00e9 necess\u00e1rio difundir uma cultura e um espa\u00e7o de di\u00e1logo, de escuta, de encontro. A comunica\u00e7\u00e3o precisa de reciprocidade, mesmo entre comunicadores, para gerar pensamento, comunidade, fraternidade.<br \/>\nA comunica\u00e7\u00e3o j\u00e1 n\u00e3o \u00e9 apenas uma quest\u00e3o de profissionais, mas de todos: educadores, pais, artistas, religiosos que podem dar o seu contributo para a inclus\u00e3o e a solidariedade, para a partilha das riquezas culturais, das conquistas e dos sofrimentos dos povos. Mas como comunicar o Evangelho e os seus valores de proximidade e de proximidade no nosso tempo? A quest\u00e3o colocada pelo S\u00ednodo da Igreja Cat\u00f3lica, que terminou em outubro, exige hoje novas sensibilidades, compet\u00eancias e pr\u00e1ticas.<\/p>\n<p>As sugest\u00f5es de reflex\u00e3o e a partilha das experi\u00eancias em curso ser\u00e3o alternadas no webinar\/lab &#8220;Comunicar para construir comunidade&#8221; que se realizar\u00e1 online na quarta-feira, 12 de fevereiro de 2025, \u00e0s 18 horas (hora italiana).<br \/>\nPromovido por NetOne em colabora\u00e7\u00e3o com a Secretaria Geral do S\u00ednodo dos Bispos, o Dicast\u00e9rio para a Comunica\u00e7\u00e3o, o Dicast\u00e9rio para o Servi\u00e7o do Desenvolvimento Humano Integral, Vatican Media, o Caminho Sinodal da Igreja em It\u00e1lia, TV2000 e InBlu2000, SIR, o Instituto Universit\u00e1rio Sophia, Weca, a Associa\u00e7\u00e3o dos WebCat\u00f3licos Italianos, o Grupo Editorial Citt\u00e0 Nuova, a Pontif\u00edcia Universidade da Santa Cruz, a iniciativa foi criada em 2023 por uma equipa de profissionais e especialistas em meios de comunica\u00e7\u00e3o de diferentes nacionalidades como forma de participa\u00e7\u00e3o e contribui\u00e7\u00e3o para o caminho sinodal.<\/p>\n<p>Este segundo webinar surge na sequ\u00eancia do encontro online de 7 de mar\u00e7o de 2024, intitulado &#8220;Que comunica\u00e7\u00e3o para a sinodalidade&#8221;, e pretende ser mais um contributo orientado para p\u00f4r em pr\u00e1tica as pistas que surgiram at\u00e9 agora do S\u00ednodo sobre a sinodalidade e a virtude da esperan\u00e7a que este ano jubilar convida todos a cultivar.<br \/>\nO webinar\/lab de 12 de fevereiro contar\u00e1 com as interven\u00e7\u00f5es de Alessandro Gisotti, diretor editorial adjunto do Vatican Media, Kim Daniels, professor na Universidade de Georgetown em Washington D.C. (U.S.A.) e coordenadora do grupo de estudo &#8220;Miss\u00e3o no ambiente digital&#8221; do S\u00ednodo dos Bispos &#8220;Por uma Igreja sinodal: Comunh\u00e3o, Participa\u00e7\u00e3o, Miss\u00e3o&#8221;, P\u00e1l T\u00f3th, professor no Instituto Universit\u00e1rio Sophia, Muriel Fleury e Beatrice Binaghi, respetivamente, respons\u00e1vel pela comunica\u00e7\u00e3o e respons\u00e1vel pelas redes sociais no Dicast\u00e9rio para o Servi\u00e7o do Desenvolvimento Humano Integral, Erica Tossani, membro da Presid\u00eancia da Primeira Assembleia Sinodal da Igreja em It\u00e1lia, Paolo Balduzzi, correspondente de A sua immagine Rai1, Alumera, blogger, Ana Tano, respons\u00e1vel pela comunica\u00e7\u00e3o de United World Project-NetOne Argentina, Stefania Bogo, atriz.<br \/>\nA modera\u00e7\u00e3o estar\u00e1 a cargo de Sara Fornaro, redatora-chefe da Citt\u00e0 Nuova web e de Enrico Selleri, pivot da TV2000.<br \/>\nObrigado pela vossa participa\u00e7\u00e3o<br \/>\nPara informa\u00e7\u00f5es e tradu\u00e7\u00e3o em ingl\u00eas da transmiss\u00e3o em direto net4synodcom@gmail.com, 3392184423, 3495922955<br \/>\nLiga\u00e7\u00e3o para a transmiss\u00e3o em direto https:\/\/youtube.com\/@synodalcommunicationnetwork<br \/>\nFB https:\/\/fb.me\/e\/5bbUwZ0HC<\/p>\n<p>&nbsp;<\/p>\n","protected":false},"excerpt":{"rendered":"<p>O social, as fake news, a intelig\u00eancia artificial, o individualismo amea\u00e7am a identidade dos comunicadores e \u00e9 necess\u00e1rio difundir uma cultura e um espa\u00e7o de di\u00e1logo, de escuta, de encontro. A comunica\u00e7\u00e3o precisa de reciprocidade, mesmo entre comunicadores, para gerar pensamento, comunidade, fraternidade. A comunica\u00e7\u00e3o j\u00e1 n\u00e3o \u00e9 apenas uma quest\u00e3o de profissionais, mas de [&hellip;]<\/p>\n","protected":false},"author":1,"featured_media":7900,"comment_status":"open","ping_status":"open","sticky":false,"template":"","format":"standard","meta":{"footnotes":""},"categories":[],"tags":[],"class_list":["post-7965","post","type-post","status-publish","format-standard","has-post-thumbnail","hentry","entry","has-media"],"aioseo_notices":[],"_links":{"self":[{"href":"https:\/\/www.net-one.org\/pt-pt\/wp-json\/wp\/v2\/posts\/7965","targetHints":{"allow":["GET"]}}],"collection":[{"href":"https:\/\/www.net-one.org\/pt-pt\/wp-json\/wp\/v2\/posts"}],"about":[{"href":"https:\/\/www.net-one.org\/pt-pt\/wp-json\/wp\/v2\/types\/post"}],"author":[{"embeddable":true,"href":"https:\/\/www.net-one.org\/pt-pt\/wp-json\/wp\/v2\/users\/1"}],"replies":[{"embeddable":true,"href":"https:\/\/www.net-one.org\/pt-pt\/wp-json\/wp\/v2\/comments?post=7965"}],"version-history":[{"count":0,"href":"https:\/\/www.net-one.org\/pt-pt\/wp-json\/wp\/v2\/posts\/7965\/revisions"}],"wp:featuredmedia":[{"embeddable":true,"href":"https:\/\/www.net-one.org\/pt-pt\/wp-json\/wp\/v2\/media\/7900"}],"wp:attachment":[{"href":"https:\/\/www.net-one.org\/pt-pt\/wp-json\/wp\/v2\/media?parent=7965"}],"wp:term":[{"taxonomy":"category","embeddable":true,"href":"https:\/\/www.net-one.org\/pt-pt\/wp-json\/wp\/v2\/categories?post=7965"},{"taxonomy":"post_tag","embeddable":true,"href":"https:\/\/www.net-one.org\/pt-pt\/wp-json\/wp\/v2\/tags?post=7965"}],"curies":[{"name":"wp","href":"https:\/\/api.w.org\/{rel}","templated":true}]}}