{"id":8089,"date":"2025-07-16T17:02:03","date_gmt":"2025-07-16T15:02:03","guid":{"rendered":"https:\/\/www.net-one.org\/netone-marca-presenca-em-reuniao-internacional-da-united-world-community\/"},"modified":"2025-07-16T17:02:03","modified_gmt":"2025-07-16T15:02:03","slug":"netone-marca-presenca-em-reuniao-internacional-da-united-world-community","status":"publish","type":"post","link":"https:\/\/www.net-one.org\/pt-pt\/netone-marca-presenca-em-reuniao-internacional-da-united-world-community\/","title":{"rendered":"NetOne marca presen\u00e7a em reuni\u00e3o internacional da United World Community"},"content":{"rendered":"<p>Iniciativa faz parte de uma s\u00e9rie de encontros promovidos pelo United World Project que visam divulgar a proposta das Communities criadas ap\u00f3s o Genfest 2024<\/p>\n<p>Foi realizada no \u00faltimo dia 5 de julho, a segunda reuni\u00e3o de uma s\u00e9rie de quatro, promovidas pelo United World Project e que t\u00eam como protagonistas os membros das Communities nascidas com o Genfest 2024, realizado no Brasil. Esses encontros virtuais internacionais visam divulgar a proposta da United World Community, uma das articula\u00e7\u00f5es do United World Project, promovido pelo Movimento dos Focolares.<\/p>\n<p>As Communities s\u00e3o verdadeiros laborat\u00f3rios sociais, nos quais pessoas de diversas gera\u00e7\u00f5es e culturas trabalham, com base no pr\u00f3prio territ\u00f3rio, para traduzir em gestos e a\u00e7\u00f5es ideais como fraternidade e unidade. Elas constituem um forma de responder concretamente \u00e0 proposta do Genfest 2024 de cuidado com a vida no planeta.<\/p>\n<p>A organiza\u00e7\u00e3o e condu\u00e7\u00e3o do programa do encontro de julho foi confiada a tr\u00eas dessas Communities: Pol\u00edtica, Economia e Comunica\u00e7\u00e3o. Essa \u00faltima tem como um dos seus articuladores centrais a Rede NetOne. De fato, a Community Comunica\u00e7\u00e3o e M\u00eddia \u00e9 coordenada por Ana Tano (estudante de Comunica\u00e7\u00e3o, de NetOne-Argentina) e Lu\u00eds Henrique Marques (jornalista brasileiro e membro da Comiss\u00e3o Internacional de NetONe).<\/p>\n<p>Transmitido via plataforma Zoom, o encontro contou com tradu\u00e7\u00e3o simult\u00e2nea em cinco l\u00ednguas (italiano, ingl\u00eas, espanhol, portugu\u00eas e franc\u00eas) e com a participa\u00e7\u00e3o de mais de 100 pessoas, entre jovens e adultos de v\u00e1rias regi\u00f5es do mundo. Ap\u00f3s as sauda\u00e7\u00f5es iniciais, foi apresentado o objetivo e como se articulam as Communities, o que foi seguido do breve relato de experi\u00eancias. Na sequ\u00eancia, ap\u00f3s introdu\u00e7\u00e3o de Ana Tano, os participantes foram convidados a reunirem-se em grupos por l\u00edngua para refletirem sobre uma dessas experi\u00eancias com base em quatro pilares da metodologia adotada pelas Communities: observar, pensar, agir\/envolver.<\/p>\n<p>Conclu\u00eddo o momento dos grupos, o programa seguiu com uma conversa com dois especialistas: John Mundell, fundador e presidente da empresa de consultoria ambiental Mundell &amp; Associates, dos Estados Unidos (\u00e1rea de economia) e do jornalista Lu\u00eds Henrique Marques (comunica\u00e7\u00e3o). A conversa, conduzida por Ver\u00f4nica Farias (da equipe organizadora do encontro), tratou da tem\u00e1tica \u201cV\u00ednculos para a transforma\u00e7\u00e3o social\u201d. Por meio de reflex\u00f5es e partilha de experi\u00eancias, os convidados apresentaram a sua vis\u00e3o de como, em suas \u00e1reas de atua\u00e7\u00e3o profissional, o cuidado com as rela\u00e7\u00f5es humanas podem contribuir para a transforma\u00e7\u00e3o positiva da vida em sociedade. Esse di\u00e1logo teve sequ\u00eancia com uma breve intera\u00e7\u00e3o com os participantes.<\/p>\n<p>O encontro foi conclu\u00eddo com alguns informes breves e uma sauda\u00e7\u00e3o a todos. De acordo com os organizadores, a repercuss\u00e3o imediata do encontro foi muito positiva, em raz\u00e3o das manifesta\u00e7\u00f5es no chat e do interesse imediato em alguns em ingressar ou constituir a pr\u00f3pria Community.<\/p>\n","protected":false},"excerpt":{"rendered":"<p>Iniciativa faz parte de uma s\u00e9rie de encontros promovidos pelo United World Project que visam divulgar a proposta das Communities criadas ap\u00f3s o Genfest 2024 Foi realizada no \u00faltimo dia 5 de julho, a segunda reuni\u00e3o de uma s\u00e9rie de quatro, promovidas pelo United World Project e que t\u00eam como protagonistas os membros das Communities [&hellip;]<\/p>\n","protected":false},"author":1,"featured_media":8084,"comment_status":"open","ping_status":"open","sticky":false,"template":"","format":"standard","meta":{"footnotes":""},"categories":[64],"tags":[],"class_list":["post-8089","post","type-post","status-publish","format-standard","has-post-thumbnail","hentry","category-noticias-pt-pt","entry","has-media"],"aioseo_notices":[],"_links":{"self":[{"href":"https:\/\/www.net-one.org\/pt-pt\/wp-json\/wp\/v2\/posts\/8089","targetHints":{"allow":["GET"]}}],"collection":[{"href":"https:\/\/www.net-one.org\/pt-pt\/wp-json\/wp\/v2\/posts"}],"about":[{"href":"https:\/\/www.net-one.org\/pt-pt\/wp-json\/wp\/v2\/types\/post"}],"author":[{"embeddable":true,"href":"https:\/\/www.net-one.org\/pt-pt\/wp-json\/wp\/v2\/users\/1"}],"replies":[{"embeddable":true,"href":"https:\/\/www.net-one.org\/pt-pt\/wp-json\/wp\/v2\/comments?post=8089"}],"version-history":[{"count":0,"href":"https:\/\/www.net-one.org\/pt-pt\/wp-json\/wp\/v2\/posts\/8089\/revisions"}],"wp:featuredmedia":[{"embeddable":true,"href":"https:\/\/www.net-one.org\/pt-pt\/wp-json\/wp\/v2\/media\/8084"}],"wp:attachment":[{"href":"https:\/\/www.net-one.org\/pt-pt\/wp-json\/wp\/v2\/media?parent=8089"}],"wp:term":[{"taxonomy":"category","embeddable":true,"href":"https:\/\/www.net-one.org\/pt-pt\/wp-json\/wp\/v2\/categories?post=8089"},{"taxonomy":"post_tag","embeddable":true,"href":"https:\/\/www.net-one.org\/pt-pt\/wp-json\/wp\/v2\/tags?post=8089"}],"curies":[{"name":"wp","href":"https:\/\/api.w.org\/{rel}","templated":true}]}}